{"id":1,"date":"2021-10-27T17:30:33","date_gmt":"2021-10-27T13:30:33","guid":{"rendered":"http:\/\/gurevun.cluster031.hosting.ovh.net\/?p=1"},"modified":"2025-10-23T20:24:52","modified_gmt":"2025-10-23T16:24:52","slug":"concerts","status":"publish","type":"post","link":"https:\/\/www.villancico.re\/index.php\/2021\/10\/27\/concerts\/","title":{"rendered":"Nos Prochains Concerts"},"content":{"rendered":"\t\t<div data-elementor-type=\"wp-post\" data-elementor-id=\"1\" class=\"elementor elementor-1\">\n\t\t\t\t\t\t<section class=\"elementor-section elementor-top-section elementor-element elementor-element-b202b96 elementor-section-boxed elementor-section-height-default elementor-section-height-default\" data-id=\"b202b96\" data-element_type=\"section\">\n\t\t\t\t\t\t<div class=\"elementor-container elementor-column-gap-default\">\n\t\t\t\t\t<div class=\"elementor-column elementor-col-100 elementor-top-column elementor-element elementor-element-e80ea66\" data-id=\"e80ea66\" data-element_type=\"column\">\n\t\t\t<div class=\"elementor-widget-wrap elementor-element-populated\">\n\t\t\t\t\t\t<div class=\"elementor-element elementor-element-591be72 elementor-widget elementor-widget-text-editor\" data-id=\"591be72\" data-element_type=\"widget\" data-widget_type=\"text-editor.default\">\n\t\t\t\t<div class=\"elementor-widget-container\">\n\t\t\t\t\t\t\t\t\t<p><span style=\"color: #333333; font-family: Montserrat, 'Helvetica Neue', Helvetica, Arial, sans-serif; font-size: 17.6px; letter-spacing: 0.2px;\"><b>Les 24, 25 et 26 octobre 2025 : La Passion Selon Saint Jean de J.S. BACH<\/b><\/span><\/p>\t\t\t\t\t\t\t\t<\/div>\n\t\t\t\t<\/div>\n\t\t\t\t\t<\/div>\n\t\t<\/div>\n\t\t\t\t\t<\/div>\n\t\t<\/section>\n\t\t\t\t<section class=\"elementor-section elementor-top-section elementor-element elementor-element-5385388 elementor-section-boxed elementor-section-height-default elementor-section-height-default\" data-id=\"5385388\" data-element_type=\"section\">\n\t\t\t\t\t\t<div class=\"elementor-container elementor-column-gap-default\">\n\t\t\t\t\t<div class=\"elementor-column elementor-col-100 elementor-top-column elementor-element elementor-element-f7169ab\" data-id=\"f7169ab\" data-element_type=\"column\">\n\t\t\t<div class=\"elementor-widget-wrap elementor-element-populated\">\n\t\t\t\t\t\t<div class=\"elementor-element elementor-element-b220392 elementor-widget__width-inherit elementor-widget elementor-widget-image\" data-id=\"b220392\" data-element_type=\"widget\" data-widget_type=\"image.default\">\n\t\t\t\t<div class=\"elementor-widget-container\">\n\t\t\t\t\t\t\t\t\t\t\t\t\t\t\t<img fetchpriority=\"high\" decoding=\"async\" width=\"724\" height=\"1024\" src=\"https:\/\/www.villancico.re\/wp-content\/uploads\/2025\/10\/Affiche-bach-2025-ok_page-0001-1--724x1024.jpg\" class=\"attachment-large size-large wp-image-1544\" alt=\"\" srcset=\"https:\/\/www.villancico.re\/wp-content\/uploads\/2025\/10\/Affiche-bach-2025-ok_page-0001-1--724x1024.jpg 724w, https:\/\/www.villancico.re\/wp-content\/uploads\/2025\/10\/Affiche-bach-2025-ok_page-0001-1--212x300.jpg 212w, https:\/\/www.villancico.re\/wp-content\/uploads\/2025\/10\/Affiche-bach-2025-ok_page-0001-1--768x1086.jpg 768w, https:\/\/www.villancico.re\/wp-content\/uploads\/2025\/10\/Affiche-bach-2025-ok_page-0001-1--1086x1536.jpg 1086w, https:\/\/www.villancico.re\/wp-content\/uploads\/2025\/10\/Affiche-bach-2025-ok_page-0001-1--1448x2048.jpg 1448w, https:\/\/www.villancico.re\/wp-content\/uploads\/2025\/10\/Affiche-bach-2025-ok_page-0001-1--452x640.jpg 452w, https:\/\/www.villancico.re\/wp-content\/uploads\/2025\/10\/Affiche-bach-2025-ok_page-0001-1--scaled.jpg 1810w\" sizes=\"(max-width: 724px) 100vw, 724px\" \/>\t\t\t\t\t\t\t\t\t\t\t\t\t\t\t<\/div>\n\t\t\t\t<\/div>\n\t\t\t\t<div class=\"elementor-element elementor-element-b794a86 elementor-widget elementor-widget-image\" data-id=\"b794a86\" data-element_type=\"widget\" data-widget_type=\"image.default\">\n\t\t\t\t<div class=\"elementor-widget-container\">\n\t\t\t\t\t\t\t\t\t\t\t\t\t\t\t<img decoding=\"async\" width=\"724\" height=\"1024\" src=\"https:\/\/www.villancico.re\/wp-content\/uploads\/2025\/10\/Programme-Bach-2025-p1-724x1024.jpg\" class=\"attachment-large size-large wp-image-1540\" alt=\"\" srcset=\"https:\/\/www.villancico.re\/wp-content\/uploads\/2025\/10\/Programme-Bach-2025-p1-724x1024.jpg 724w, https:\/\/www.villancico.re\/wp-content\/uploads\/2025\/10\/Programme-Bach-2025-p1-212x300.jpg 212w, https:\/\/www.villancico.re\/wp-content\/uploads\/2025\/10\/Programme-Bach-2025-p1-768x1087.jpg 768w, https:\/\/www.villancico.re\/wp-content\/uploads\/2025\/10\/Programme-Bach-2025-p1-452x640.jpg 452w, https:\/\/www.villancico.re\/wp-content\/uploads\/2025\/10\/Programme-Bach-2025-p1.jpg 992w\" sizes=\"(max-width: 724px) 100vw, 724px\" \/>\t\t\t\t\t\t\t\t\t\t\t\t\t\t\t<\/div>\n\t\t\t\t<\/div>\n\t\t\t\t\t<\/div>\n\t\t<\/div>\n\t\t\t\t\t<\/div>\n\t\t<\/section>\n\t\t\t\t<section class=\"elementor-section elementor-top-section elementor-element elementor-element-e92bf08 elementor-section-boxed elementor-section-height-default elementor-section-height-default\" data-id=\"e92bf08\" data-element_type=\"section\">\n\t\t\t\t\t\t<div class=\"elementor-container elementor-column-gap-default\">\n\t\t\t\t\t<div class=\"elementor-column elementor-col-100 elementor-top-column elementor-element elementor-element-da4c10f\" data-id=\"da4c10f\" data-element_type=\"column\">\n\t\t\t<div class=\"elementor-widget-wrap elementor-element-populated\">\n\t\t\t\t\t\t<div class=\"elementor-element elementor-element-b8fe0c0 elementor-widget elementor-widget-image\" data-id=\"b8fe0c0\" data-element_type=\"widget\" data-widget_type=\"image.default\">\n\t\t\t\t<div class=\"elementor-widget-container\">\n\t\t\t\t\t\t\t\t\t\t\t\t\t\t\t<img decoding=\"async\" width=\"724\" height=\"1024\" src=\"https:\/\/www.villancico.re\/wp-content\/uploads\/2025\/10\/Programme-Bach-2025-p2-724x1024.jpg\" class=\"attachment-large size-large wp-image-1541\" alt=\"\" srcset=\"https:\/\/www.villancico.re\/wp-content\/uploads\/2025\/10\/Programme-Bach-2025-p2-724x1024.jpg 724w, https:\/\/www.villancico.re\/wp-content\/uploads\/2025\/10\/Programme-Bach-2025-p2-212x300.jpg 212w, https:\/\/www.villancico.re\/wp-content\/uploads\/2025\/10\/Programme-Bach-2025-p2-768x1087.jpg 768w, https:\/\/www.villancico.re\/wp-content\/uploads\/2025\/10\/Programme-Bach-2025-p2-452x640.jpg 452w, https:\/\/www.villancico.re\/wp-content\/uploads\/2025\/10\/Programme-Bach-2025-p2.jpg 992w\" sizes=\"(max-width: 724px) 100vw, 724px\" \/>\t\t\t\t\t\t\t\t\t\t\t\t\t\t\t<\/div>\n\t\t\t\t<\/div>\n\t\t\t\t\t<\/div>\n\t\t<\/div>\n\t\t\t\t\t<\/div>\n\t\t<\/section>\n\t\t\t\t<section class=\"elementor-section elementor-top-section elementor-element elementor-element-9918ffe elementor-section-boxed elementor-section-height-default elementor-section-height-default\" data-id=\"9918ffe\" data-element_type=\"section\">\n\t\t\t\t\t\t<div class=\"elementor-container elementor-column-gap-default\">\n\t\t\t\t\t<div class=\"elementor-column elementor-col-100 elementor-top-column elementor-element elementor-element-f583406\" data-id=\"f583406\" data-element_type=\"column\">\n\t\t\t<div class=\"elementor-widget-wrap elementor-element-populated\">\n\t\t\t\t\t\t<div class=\"elementor-element elementor-element-2b6c6f8 elementor-widget elementor-widget-image\" data-id=\"2b6c6f8\" data-element_type=\"widget\" data-widget_type=\"image.default\">\n\t\t\t\t<div class=\"elementor-widget-container\">\n\t\t\t\t\t\t\t\t\t\t\t\t\t\t\t<img loading=\"lazy\" decoding=\"async\" width=\"724\" height=\"1024\" src=\"https:\/\/www.villancico.re\/wp-content\/uploads\/2025\/10\/Programme-Bach-2025-p3-724x1024.jpg\" class=\"attachment-large size-large wp-image-1542\" alt=\"\" srcset=\"https:\/\/www.villancico.re\/wp-content\/uploads\/2025\/10\/Programme-Bach-2025-p3-724x1024.jpg 724w, https:\/\/www.villancico.re\/wp-content\/uploads\/2025\/10\/Programme-Bach-2025-p3-212x300.jpg 212w, https:\/\/www.villancico.re\/wp-content\/uploads\/2025\/10\/Programme-Bach-2025-p3-768x1087.jpg 768w, https:\/\/www.villancico.re\/wp-content\/uploads\/2025\/10\/Programme-Bach-2025-p3-452x640.jpg 452w, https:\/\/www.villancico.re\/wp-content\/uploads\/2025\/10\/Programme-Bach-2025-p3.jpg 992w\" sizes=\"(max-width: 724px) 100vw, 724px\" \/>\t\t\t\t\t\t\t\t\t\t\t\t\t\t\t<\/div>\n\t\t\t\t<\/div>\n\t\t\t\t\t<\/div>\n\t\t<\/div>\n\t\t\t\t\t<\/div>\n\t\t<\/section>\n\t\t\t\t<section class=\"elementor-section elementor-top-section elementor-element elementor-element-98f5f9a elementor-section-boxed elementor-section-height-default elementor-section-height-default\" data-id=\"98f5f9a\" data-element_type=\"section\">\n\t\t\t\t\t\t<div class=\"elementor-container elementor-column-gap-default\">\n\t\t\t\t\t<div class=\"elementor-column elementor-col-100 elementor-top-column elementor-element elementor-element-5fa0357\" data-id=\"5fa0357\" data-element_type=\"column\">\n\t\t\t<div class=\"elementor-widget-wrap elementor-element-populated\">\n\t\t\t\t\t\t<div class=\"elementor-element elementor-element-deec938 elementor-widget elementor-widget-image\" data-id=\"deec938\" data-element_type=\"widget\" data-widget_type=\"image.default\">\n\t\t\t\t<div class=\"elementor-widget-container\">\n\t\t\t\t\t\t\t\t\t\t\t\t\t\t\t<img loading=\"lazy\" decoding=\"async\" width=\"724\" height=\"1024\" src=\"https:\/\/www.villancico.re\/wp-content\/uploads\/2025\/10\/Programme-Bach-2025-p4-724x1024.jpg\" class=\"attachment-large size-large wp-image-1543\" alt=\"\" srcset=\"https:\/\/www.villancico.re\/wp-content\/uploads\/2025\/10\/Programme-Bach-2025-p4-724x1024.jpg 724w, https:\/\/www.villancico.re\/wp-content\/uploads\/2025\/10\/Programme-Bach-2025-p4-212x300.jpg 212w, https:\/\/www.villancico.re\/wp-content\/uploads\/2025\/10\/Programme-Bach-2025-p4-768x1087.jpg 768w, https:\/\/www.villancico.re\/wp-content\/uploads\/2025\/10\/Programme-Bach-2025-p4-452x640.jpg 452w, https:\/\/www.villancico.re\/wp-content\/uploads\/2025\/10\/Programme-Bach-2025-p4.jpg 992w\" sizes=\"(max-width: 724px) 100vw, 724px\" \/>\t\t\t\t\t\t\t\t\t\t\t\t\t\t\t<\/div>\n\t\t\t\t<\/div>\n\t\t\t\t\t<\/div>\n\t\t<\/div>\n\t\t\t\t\t<\/div>\n\t\t<\/section>\n\t\t\t\t<\/div>\n\t\t","protected":false},"excerpt":{"rendered":"<p>Prochain concert <\/p>\n","protected":false},"author":1,"featured_media":0,"comment_status":"closed","ping_status":"closed","sticky":false,"template":"","format":"standard","meta":{"footnotes":""},"categories":[5],"tags":[],"class_list":["post-1","post","type-post","status-publish","format-standard","hentry","category-actualites"],"yoast_head":"<!-- This site is optimized with the Yoast SEO plugin v26.0 - https:\/\/yoast.com\/wordpress\/plugins\/seo\/ -->\n<title>Nos Prochains Concerts - Villancico Choeur \u00eele de la R\u00e9union - Ce site a \u00e9t\u00e9 financ\u00e9 \u00e0 l\u2019aide du FEDER (REACT-UE) dans le cadre de la r\u00e9ponse de l\u2019Union europ\u00e9enne \u00e0 la pand\u00e9mie COVID-19. L\u2019Europe s\u2019engage \u00e0 La R\u00e9union.<\/title>\n<meta name=\"robots\" content=\"noindex, follow\" \/>\n<meta property=\"og:locale\" content=\"fr_FR\" \/>\n<meta property=\"og:type\" content=\"article\" \/>\n<meta property=\"og:title\" content=\"Nos Prochains Concerts - Villancico Choeur \u00eele de la R\u00e9union - Ce site a \u00e9t\u00e9 financ\u00e9 \u00e0 l\u2019aide du FEDER (REACT-UE) dans le cadre de la r\u00e9ponse de l\u2019Union europ\u00e9enne \u00e0 la pand\u00e9mie COVID-19. L\u2019Europe s\u2019engage \u00e0 La R\u00e9union.\" \/>\n<meta property=\"og:description\" content=\"Prochain concert\" \/>\n<meta property=\"og:url\" content=\"https:\/\/www.villancico.re\/index.php\/2021\/10\/27\/concerts\/\" \/>\n<meta property=\"og:site_name\" content=\"Villancico Choeur \u00eele de la R\u00e9union - Ce site a \u00e9t\u00e9 financ\u00e9 \u00e0 l\u2019aide du FEDER (REACT-UE) dans le cadre de la r\u00e9ponse de l\u2019Union europ\u00e9enne \u00e0 la pand\u00e9mie COVID-19. L\u2019Europe s\u2019engage \u00e0 La R\u00e9union.\" \/>\n<meta property=\"article:publisher\" content=\"https:\/\/facebook.com\" \/>\n<meta property=\"article:published_time\" content=\"2021-10-27T13:30:33+00:00\" \/>\n<meta property=\"article:modified_time\" content=\"2025-10-23T16:24:52+00:00\" \/>\n<meta property=\"og:image\" content=\"https:\/\/www.villancico.re\/wp-content\/uploads\/2025\/10\/Affiche-bach-2025-ok_page-0001-1--scaled.jpg\" \/>\n\t<meta property=\"og:image:width\" content=\"1810\" \/>\n\t<meta property=\"og:image:height\" content=\"2560\" \/>\n\t<meta property=\"og:image:type\" content=\"image\/jpeg\" \/>\n<meta name=\"author\" content=\"Villancico\" \/>\n<meta name=\"twitter:card\" content=\"summary_large_image\" \/>\n<meta name=\"twitter:label1\" content=\"\u00c9crit par\" \/>\n\t<meta name=\"twitter:data1\" content=\"Villancico\" \/>\n\t<meta name=\"twitter:label2\" content=\"Dur\u00e9e de lecture estim\u00e9e\" \/>\n\t<meta name=\"twitter:data2\" content=\"2 minutes\" \/>\n<script type=\"application\/ld+json\" class=\"yoast-schema-graph\">{\"@context\":\"https:\/\/schema.org\",\"@graph\":[{\"@type\":\"Article\",\"@id\":\"https:\/\/www.villancico.re\/index.php\/2021\/10\/27\/concerts\/#article\",\"isPartOf\":{\"@id\":\"https:\/\/www.villancico.re\/index.php\/2021\/10\/27\/concerts\/\"},\"author\":{\"name\":\"Villancico\",\"@id\":\"https:\/\/www.villancico.re\/#\/schema\/person\/95fc236dcf80cbeca7de7db5c6032e1f\"},\"headline\":\"Nos Prochains Concerts\",\"datePublished\":\"2021-10-27T13:30:33+00:00\",\"dateModified\":\"2025-10-23T16:24:52+00:00\",\"mainEntityOfPage\":{\"@id\":\"https:\/\/www.villancico.re\/index.php\/2021\/10\/27\/concerts\/\"},\"wordCount\":15,\"publisher\":{\"@id\":\"https:\/\/www.villancico.re\/#organization\"},\"image\":{\"@id\":\"https:\/\/www.villancico.re\/index.php\/2021\/10\/27\/concerts\/#primaryimage\"},\"thumbnailUrl\":\"https:\/\/www.villancico.re\/wp-content\/uploads\/2025\/10\/Affiche-bach-2025-ok_page-0001-1--724x1024.jpg\",\"articleSection\":[\"Actualit\u00e9s\"],\"inLanguage\":\"fr-FR\"},{\"@type\":\"WebPage\",\"@id\":\"https:\/\/www.villancico.re\/index.php\/2021\/10\/27\/concerts\/\",\"url\":\"https:\/\/www.villancico.re\/index.php\/2021\/10\/27\/concerts\/\",\"name\":\"Nos Prochains Concerts - Villancico Choeur \u00eele de la R\u00e9union - Ce site a \u00e9t\u00e9 financ\u00e9 \u00e0 l\u2019aide du FEDER (REACT-UE) dans le cadre de la r\u00e9ponse de l\u2019Union europ\u00e9enne \u00e0 la pand\u00e9mie COVID-19. L\u2019Europe s\u2019engage \u00e0 La R\u00e9union.\",\"isPartOf\":{\"@id\":\"https:\/\/www.villancico.re\/#website\"},\"primaryImageOfPage\":{\"@id\":\"https:\/\/www.villancico.re\/index.php\/2021\/10\/27\/concerts\/#primaryimage\"},\"image\":{\"@id\":\"https:\/\/www.villancico.re\/index.php\/2021\/10\/27\/concerts\/#primaryimage\"},\"thumbnailUrl\":\"https:\/\/www.villancico.re\/wp-content\/uploads\/2025\/10\/Affiche-bach-2025-ok_page-0001-1--724x1024.jpg\",\"datePublished\":\"2021-10-27T13:30:33+00:00\",\"dateModified\":\"2025-10-23T16:24:52+00:00\",\"breadcrumb\":{\"@id\":\"https:\/\/www.villancico.re\/index.php\/2021\/10\/27\/concerts\/#breadcrumb\"},\"inLanguage\":\"fr-FR\",\"potentialAction\":[{\"@type\":\"ReadAction\",\"target\":[\"https:\/\/www.villancico.re\/index.php\/2021\/10\/27\/concerts\/\"]}]},{\"@type\":\"ImageObject\",\"inLanguage\":\"fr-FR\",\"@id\":\"https:\/\/www.villancico.re\/index.php\/2021\/10\/27\/concerts\/#primaryimage\",\"url\":\"https:\/\/www.villancico.re\/wp-content\/uploads\/2025\/10\/Affiche-bach-2025-ok_page-0001-1--scaled.jpg\",\"contentUrl\":\"https:\/\/www.villancico.re\/wp-content\/uploads\/2025\/10\/Affiche-bach-2025-ok_page-0001-1--scaled.jpg\",\"width\":1810,\"height\":2560},{\"@type\":\"BreadcrumbList\",\"@id\":\"https:\/\/www.villancico.re\/index.php\/2021\/10\/27\/concerts\/#breadcrumb\",\"itemListElement\":[{\"@type\":\"ListItem\",\"position\":1,\"name\":\"Accueil\",\"item\":\"https:\/\/www.villancico.re\/\"},{\"@type\":\"ListItem\",\"position\":2,\"name\":\"Nos Prochains Concerts\"}]},{\"@type\":\"WebSite\",\"@id\":\"https:\/\/www.villancico.re\/#website\",\"url\":\"https:\/\/www.villancico.re\/\",\"name\":\"villancico.re chorale choeur ile de la r\u00e9union 974\",\"description\":\"Ensemble vocal  Villancico\",\"publisher\":{\"@id\":\"https:\/\/www.villancico.re\/#organization\"},\"potentialAction\":[{\"@type\":\"SearchAction\",\"target\":{\"@type\":\"EntryPoint\",\"urlTemplate\":\"https:\/\/www.villancico.re\/?s={search_term_string}\"},\"query-input\":{\"@type\":\"PropertyValueSpecification\",\"valueRequired\":true,\"valueName\":\"search_term_string\"}}],\"inLanguage\":\"fr-FR\"},{\"@type\":\"Organization\",\"@id\":\"https:\/\/www.villancico.re\/#organization\",\"name\":\"villancico.re chorale choeur ile de la r\u00e9union 974\",\"url\":\"https:\/\/www.villancico.re\/\",\"logo\":{\"@type\":\"ImageObject\",\"inLanguage\":\"fr-FR\",\"@id\":\"https:\/\/www.villancico.re\/#\/schema\/logo\/image\/\",\"url\":\"https:\/\/www.villancico.re\/wp-content\/uploads\/2022\/09\/modif-thierry-.png\",\"contentUrl\":\"https:\/\/www.villancico.re\/wp-content\/uploads\/2022\/09\/modif-thierry-.png\",\"width\":400,\"height\":110,\"caption\":\"villancico.re chorale choeur ile de la r\u00e9union 974\"},\"image\":{\"@id\":\"https:\/\/www.villancico.re\/#\/schema\/logo\/image\/\"},\"sameAs\":[\"https:\/\/facebook.com\"]},{\"@type\":\"Person\",\"@id\":\"https:\/\/www.villancico.re\/#\/schema\/person\/95fc236dcf80cbeca7de7db5c6032e1f\",\"name\":\"Villancico\",\"sameAs\":[\"http:\/\/gurevun.cluster031.hosting.ovh.net\"]}]}<\/script>\n<!-- \/ Yoast SEO plugin. -->","yoast_head_json":{"title":"Nos Prochains Concerts - Villancico Choeur \u00eele de la R\u00e9union - Ce site a \u00e9t\u00e9 financ\u00e9 \u00e0 l\u2019aide du FEDER (REACT-UE) dans le cadre de la r\u00e9ponse de l\u2019Union europ\u00e9enne \u00e0 la pand\u00e9mie COVID-19. L\u2019Europe s\u2019engage \u00e0 La R\u00e9union.","robots":{"index":"noindex","follow":"follow"},"og_locale":"fr_FR","og_type":"article","og_title":"Nos Prochains Concerts - Villancico Choeur \u00eele de la R\u00e9union - Ce site a \u00e9t\u00e9 financ\u00e9 \u00e0 l\u2019aide du FEDER (REACT-UE) dans le cadre de la r\u00e9ponse de l\u2019Union europ\u00e9enne \u00e0 la pand\u00e9mie COVID-19. L\u2019Europe s\u2019engage \u00e0 La R\u00e9union.","og_description":"Prochain concert","og_url":"https:\/\/www.villancico.re\/index.php\/2021\/10\/27\/concerts\/","og_site_name":"Villancico Choeur \u00eele de la R\u00e9union - Ce site a \u00e9t\u00e9 financ\u00e9 \u00e0 l\u2019aide du FEDER (REACT-UE) dans le cadre de la r\u00e9ponse de l\u2019Union europ\u00e9enne \u00e0 la pand\u00e9mie COVID-19. L\u2019Europe s\u2019engage \u00e0 La R\u00e9union.","article_publisher":"https:\/\/facebook.com","article_published_time":"2021-10-27T13:30:33+00:00","article_modified_time":"2025-10-23T16:24:52+00:00","og_image":[{"width":1810,"height":2560,"url":"https:\/\/www.villancico.re\/wp-content\/uploads\/2025\/10\/Affiche-bach-2025-ok_page-0001-1--scaled.jpg","type":"image\/jpeg"}],"author":"Villancico","twitter_card":"summary_large_image","twitter_misc":{"\u00c9crit par":"Villancico","Dur\u00e9e de lecture estim\u00e9e":"2 minutes"},"schema":{"@context":"https:\/\/schema.org","@graph":[{"@type":"Article","@id":"https:\/\/www.villancico.re\/index.php\/2021\/10\/27\/concerts\/#article","isPartOf":{"@id":"https:\/\/www.villancico.re\/index.php\/2021\/10\/27\/concerts\/"},"author":{"name":"Villancico","@id":"https:\/\/www.villancico.re\/#\/schema\/person\/95fc236dcf80cbeca7de7db5c6032e1f"},"headline":"Nos Prochains Concerts","datePublished":"2021-10-27T13:30:33+00:00","dateModified":"2025-10-23T16:24:52+00:00","mainEntityOfPage":{"@id":"https:\/\/www.villancico.re\/index.php\/2021\/10\/27\/concerts\/"},"wordCount":15,"publisher":{"@id":"https:\/\/www.villancico.re\/#organization"},"image":{"@id":"https:\/\/www.villancico.re\/index.php\/2021\/10\/27\/concerts\/#primaryimage"},"thumbnailUrl":"https:\/\/www.villancico.re\/wp-content\/uploads\/2025\/10\/Affiche-bach-2025-ok_page-0001-1--724x1024.jpg","articleSection":["Actualit\u00e9s"],"inLanguage":"fr-FR"},{"@type":"WebPage","@id":"https:\/\/www.villancico.re\/index.php\/2021\/10\/27\/concerts\/","url":"https:\/\/www.villancico.re\/index.php\/2021\/10\/27\/concerts\/","name":"Nos Prochains Concerts - Villancico Choeur \u00eele de la R\u00e9union - Ce site a \u00e9t\u00e9 financ\u00e9 \u00e0 l\u2019aide du FEDER (REACT-UE) dans le cadre de la r\u00e9ponse de l\u2019Union europ\u00e9enne \u00e0 la pand\u00e9mie COVID-19. L\u2019Europe s\u2019engage \u00e0 La R\u00e9union.","isPartOf":{"@id":"https:\/\/www.villancico.re\/#website"},"primaryImageOfPage":{"@id":"https:\/\/www.villancico.re\/index.php\/2021\/10\/27\/concerts\/#primaryimage"},"image":{"@id":"https:\/\/www.villancico.re\/index.php\/2021\/10\/27\/concerts\/#primaryimage"},"thumbnailUrl":"https:\/\/www.villancico.re\/wp-content\/uploads\/2025\/10\/Affiche-bach-2025-ok_page-0001-1--724x1024.jpg","datePublished":"2021-10-27T13:30:33+00:00","dateModified":"2025-10-23T16:24:52+00:00","breadcrumb":{"@id":"https:\/\/www.villancico.re\/index.php\/2021\/10\/27\/concerts\/#breadcrumb"},"inLanguage":"fr-FR","potentialAction":[{"@type":"ReadAction","target":["https:\/\/www.villancico.re\/index.php\/2021\/10\/27\/concerts\/"]}]},{"@type":"ImageObject","inLanguage":"fr-FR","@id":"https:\/\/www.villancico.re\/index.php\/2021\/10\/27\/concerts\/#primaryimage","url":"https:\/\/www.villancico.re\/wp-content\/uploads\/2025\/10\/Affiche-bach-2025-ok_page-0001-1--scaled.jpg","contentUrl":"https:\/\/www.villancico.re\/wp-content\/uploads\/2025\/10\/Affiche-bach-2025-ok_page-0001-1--scaled.jpg","width":1810,"height":2560},{"@type":"BreadcrumbList","@id":"https:\/\/www.villancico.re\/index.php\/2021\/10\/27\/concerts\/#breadcrumb","itemListElement":[{"@type":"ListItem","position":1,"name":"Accueil","item":"https:\/\/www.villancico.re\/"},{"@type":"ListItem","position":2,"name":"Nos Prochains Concerts"}]},{"@type":"WebSite","@id":"https:\/\/www.villancico.re\/#website","url":"https:\/\/www.villancico.re\/","name":"villancico.re chorale choeur ile de la r\u00e9union 974","description":"Ensemble vocal  Villancico","publisher":{"@id":"https:\/\/www.villancico.re\/#organization"},"potentialAction":[{"@type":"SearchAction","target":{"@type":"EntryPoint","urlTemplate":"https:\/\/www.villancico.re\/?s={search_term_string}"},"query-input":{"@type":"PropertyValueSpecification","valueRequired":true,"valueName":"search_term_string"}}],"inLanguage":"fr-FR"},{"@type":"Organization","@id":"https:\/\/www.villancico.re\/#organization","name":"villancico.re chorale choeur ile de la r\u00e9union 974","url":"https:\/\/www.villancico.re\/","logo":{"@type":"ImageObject","inLanguage":"fr-FR","@id":"https:\/\/www.villancico.re\/#\/schema\/logo\/image\/","url":"https:\/\/www.villancico.re\/wp-content\/uploads\/2022\/09\/modif-thierry-.png","contentUrl":"https:\/\/www.villancico.re\/wp-content\/uploads\/2022\/09\/modif-thierry-.png","width":400,"height":110,"caption":"villancico.re chorale choeur ile de la r\u00e9union 974"},"image":{"@id":"https:\/\/www.villancico.re\/#\/schema\/logo\/image\/"},"sameAs":["https:\/\/facebook.com"]},{"@type":"Person","@id":"https:\/\/www.villancico.re\/#\/schema\/person\/95fc236dcf80cbeca7de7db5c6032e1f","name":"Villancico","sameAs":["http:\/\/gurevun.cluster031.hosting.ovh.net"]}]}},"_links":{"self":[{"href":"https:\/\/www.villancico.re\/index.php\/wp-json\/wp\/v2\/posts\/1","targetHints":{"allow":["GET"]}}],"collection":[{"href":"https:\/\/www.villancico.re\/index.php\/wp-json\/wp\/v2\/posts"}],"about":[{"href":"https:\/\/www.villancico.re\/index.php\/wp-json\/wp\/v2\/types\/post"}],"author":[{"embeddable":true,"href":"https:\/\/www.villancico.re\/index.php\/wp-json\/wp\/v2\/users\/1"}],"replies":[{"embeddable":true,"href":"https:\/\/www.villancico.re\/index.php\/wp-json\/wp\/v2\/comments?post=1"}],"version-history":[{"count":53,"href":"https:\/\/www.villancico.re\/index.php\/wp-json\/wp\/v2\/posts\/1\/revisions"}],"predecessor-version":[{"id":1547,"href":"https:\/\/www.villancico.re\/index.php\/wp-json\/wp\/v2\/posts\/1\/revisions\/1547"}],"wp:attachment":[{"href":"https:\/\/www.villancico.re\/index.php\/wp-json\/wp\/v2\/media?parent=1"}],"wp:term":[{"taxonomy":"category","embeddable":true,"href":"https:\/\/www.villancico.re\/index.php\/wp-json\/wp\/v2\/categories?post=1"},{"taxonomy":"post_tag","embeddable":true,"href":"https:\/\/www.villancico.re\/index.php\/wp-json\/wp\/v2\/tags?post=1"}],"curies":[{"name":"wp","href":"https:\/\/api.w.org\/{rel}","templated":true}]}}