{"id":1005,"date":"2024-10-16T08:47:56","date_gmt":"2024-10-16T04:47:56","guid":{"rendered":"https:\/\/www.villancico.re\/?p=1005"},"modified":"2025-01-31T15:13:04","modified_gmt":"2025-01-31T11:13:04","slug":"dates","status":"publish","type":"post","link":"https:\/\/www.villancico.re\/index.php\/2024\/10\/16\/dates\/","title":{"rendered":"Dates, lieux et tarifs des concerts"},"content":{"rendered":"\n<hr class=\"wp-block-separator has-alpha-channel-opacity\"\/>\n\n\n\n<hr class=\"wp-block-separator has-alpha-channel-opacity\"\/>\n\n\n\n<div class=\"wp-block-cover\" style=\"min-height:490px;aspect-ratio:unset;\"><span aria-hidden=\"true\" class=\"wp-block-cover__background has-background-dim\"><\/span><img fetchpriority=\"high\" decoding=\"async\" width=\"879\" height=\"848\" class=\"wp-block-cover__image-background wp-image-1192\" alt=\"\" src=\"https:\/\/www.villancico.re\/wp-content\/uploads\/2024\/11\/concert-.jpg\" data-object-fit=\"cover\" srcset=\"https:\/\/www.villancico.re\/wp-content\/uploads\/2024\/11\/concert-.jpg 879w, https:\/\/www.villancico.re\/wp-content\/uploads\/2024\/11\/concert--300x289.jpg 300w, https:\/\/www.villancico.re\/wp-content\/uploads\/2024\/11\/concert--768x741.jpg 768w, https:\/\/www.villancico.re\/wp-content\/uploads\/2024\/11\/concert--640x617.jpg 640w\" sizes=\"(max-width: 879px) 100vw, 879px\" \/><div class=\"wp-block-cover__inner-container is-layout-flow wp-block-cover-is-layout-flow\">\n<p class=\"has-text-align-center has-large-font-size\"><strong>REPRISE<\/strong> <strong>des R\u00e9p\u00e9titions<\/strong> <\/p>\n\n\n\n<p class=\"has-text-align-center\">              <strong>le Mercredi 5 F\u00e9vrier 2025<\/strong><\/p>\n\n\n\n<p class=\"has-text-align-center\"><strong>\u00e9cole Antoine Lucas Terrain Fleury<\/strong><\/p>\n<\/div><\/div>\n\n\n\n<p><\/p>\n\n\n<p><style>\/*! elementor - v3.23.0 - 15-07-2024 *\/<br \/>\n.elementor-widget-divider{--divider-border-style:none;--divider-border-width:1px;--divider-color:#0c0d0e;--divider-icon-size:20px;--divider-element-spacing:10px;--divider-pattern-height:24px;--divider-pattern-size:20px;--divider-pattern-url:none;--divider-pattern-repeat:repeat-x}.elementor-widget-divider .elementor-divider{display:flex}.elementor-widget-divider .elementor-divider__text{font-size:15px;line-height:1;max-width:95%}.elementor-widget-divider .elementor-divider__element{margin:0 var(--divider-element-spacing);flex-shrink:0}.elementor-widget-divider .elementor-icon{font-size:var(--divider-icon-size)}.elementor-widget-divider .elementor-divider-separator{display:flex;margin:0;direction:ltr}.elementor-widget-divider--view-line_icon .elementor-divider-separator,.elementor-widget-divider--view-line_text .elementor-divider-separator{align-items:center}.elementor-widget-divider--view-line_icon .elementor-divider-separator:after,.elementor-widget-divider--view-line_icon .elementor-divider-separator:before,.elementor-widget-divider--view-line_text .elementor-divider-separator:after,.elementor-widget-divider--view-line_text .elementor-divider-separator:before{display:block;content:\"\";border-block-end:0;flex-grow:1;border-block-start:var(--divider-border-width) var(--divider-border-style) var(--divider-color)}.elementor-widget-divider--element-align-left .elementor-divider .elementor-divider-separator>.elementor-divider__svg:first-of-type{flex-grow:0;flex-shrink:100}.elementor-widget-divider--element-align-left .elementor-divider-separator:before{content:none}.elementor-widget-divider--element-align-left .elementor-divider__element{margin-left:0}.elementor-widget-divider--element-align-right .elementor-divider .elementor-divider-separator>.elementor-divider__svg:last-of-type{flex-grow:0;flex-shrink:100}.elementor-widget-divider--element-align-right .elementor-divider-separator:after{content:none}.elementor-widget-divider--element-align-right .elementor-divider__element{margin-right:0}.elementor-widget-divider--element-align-start .elementor-divider .elementor-divider-separator>.elementor-divider__svg:first-of-type{flex-grow:0;flex-shrink:100}.elementor-widget-divider--element-align-start .elementor-divider-separator:before{content:none}.elementor-widget-divider--element-align-start .elementor-divider__element{margin-inline-start:0}.elementor-widget-divider--element-align-end .elementor-divider .elementor-divider-separator>.elementor-divider__svg:last-of-type{flex-grow:0;flex-shrink:100}.elementor-widget-divider--element-align-end .elementor-divider-separator:after{content:none}.elementor-widget-divider--element-align-end .elementor-divider__element{margin-inline-end:0}.elementor-widget-divider:not(.elementor-widget-divider--view-line_text):not(.elementor-widget-divider--view-line_icon) .elementor-divider-separator{border-block-start:var(--divider-border-width) var(--divider-border-style) var(--divider-color)}.elementor-widget-divider--separator-type-pattern{--divider-border-style:none}.elementor-widget-divider--separator-type-pattern.elementor-widget-divider--view-line .elementor-divider-separator,.elementor-widget-divider--separator-type-pattern:not(.elementor-widget-divider--view-line) .elementor-divider-separator:after,.elementor-widget-divider--separator-type-pattern:not(.elementor-widget-divider--view-line) .elementor-divider-separator:before,.elementor-widget-divider--separator-type-pattern:not([class*=elementor-widget-divider--view]) .elementor-divider-separator{width:100%;min-height:var(--divider-pattern-height);-webkit-mask-size:var(--divider-pattern-size) 100%;mask-size:var(--divider-pattern-size) 100%;-webkit-mask-repeat:var(--divider-pattern-repeat);mask-repeat:var(--divider-pattern-repeat);background-color:var(--divider-color);-webkit-mask-image:var(--divider-pattern-url);mask-image:var(--divider-pattern-url)}.elementor-widget-divider--no-spacing{--divider-pattern-size:auto}.elementor-widget-divider--bg-round{--divider-pattern-repeat:round}.rtl .elementor-widget-divider .elementor-divider__text{direction:rtl}.e-con-inner>.elementor-widget-divider,.e-con>.elementor-widget-divider{width:var(--container-widget-width,100%);--flex-grow:var(--container-widget-flex-grow)}<\/style>\n<\/p>\n<p><span style=\"font-size: 18pt;\">Entr\u00e9e Gratuite : moins de 18 ans<\/span><br \/><span style=\"font-size: 18pt;\">Achat de billets sur place : 20 \u20ac<\/span><\/p>\n<p><span style=\"font-size: 18pt;\">Pr\u00e9vente pour le concert du <strong>30 novembre<\/strong>, <br \/>sur le site <a href=\"http:\/\/www.citedesarts.re\">http:\/\/www.citedesarts.re<\/a> : plein tarif 18 \u20ac<\/span><br \/><span style=\"font-size: 18pt;\">\u00a0 \u00a0 \u00a0 \u00a0 \u00a0 \u00a0 \u00a0 \u00a0 \u00a0 \u00a0 \u00a0 \u00a0 \u00a0 \u00a0 \u00a0 \u00a0 \u00a0 \u00a0 \u00a0 \u00a0 \u00a0 \u00a0 \u00a0 \u00a0 \u00a0 \u00a0 \u00a0 \u00a0 \u00a0 tarif r\u00e9duit 14 \u20ac<\/span><br \/><span style=\"font-size: 18pt;\">ou sur\u00a0 <a href=\"http:\/\/www.monticket.re\">http:\/\/www.monticket.re<\/a>\u00a0 \u00a0 \u00a0 \u00a0 plein tarif 20\u20ac\u00a0<\/span><br \/><span style=\"font-size: 18pt;\">\u00a0 \u00a0 \u00a0 \u00a0 \u00a0 \u00a0 \u00a0 \u00a0 \u00a0 \u00a0 \u00a0 \u00a0 \u00a0 \u00a0 \u00a0 \u00a0 \u00a0 \u00a0 \u00a0 \u00a0 \u00a0 \u00a0 \u00a0 \u00a0 \u00a0 \u00a0 \u00a0 \u00a0 \u00a0 tarif r\u00e9duit 16 \u20ac\u00a0<\/span><\/p>\n<p><span style=\"font-size: 18pt;\">Pr\u00e9vente pour le concert du 7<strong>\u00a0d\u00e9cembre<\/strong>,<br \/>aupr\u00e8s des choristes<br \/>ou sur place\u00a0 \u00a0 \u00a0 \u00a0 \u00a0 \u00a0 \u00a0 \u00a0 \u00a0 \u00a0 \u00a0 \u00a0 \u00a0 \u00a0 \u00a0 \u00a0 \u00a0 \u00a0 \u00a0plein tarif 18 \u20ac<br \/>\u00a0 \u00a0 \u00a0 \u00a0 \u00a0 \u00a0 \u00a0 \u00a0 \u00a0 \u00a0 \u00a0 \u00a0 \u00a0 \u00a0 \u00a0 \u00a0 \u00a0 \u00a0 \u00a0 \u00a0 \u00a0 \u00a0 \u00a0 \u00a0 \u00a0 \u00a0 \u00a0 \u00a0 tarif r\u00e9duit 16 \u20ac\u00a0<br \/>\u00a0 \u00a0 \u00a0 \u00a0 \u00a0 \u00a0 \u00a0 \u00a0 \u00a0 \u00a0 \u00a0 \u00a0 \u00a0 \u00a0 \u00a0 \u00a0 \u00a0 \u00a0 \u00a0 \u00a0 \u00a0 \u00a0 moins de 18 ans entr\u00e9e gratuite<br \/><\/span><\/p>\n<p><span style=\"font-size: 18pt;\">Pr\u00e9vente pour le concert du <strong>14 d\u00e9cembre<\/strong>,<br \/>sur <a href=\"http:\/\/www.monticket.re\">http:\/\/www.monticket.re<\/a>\u00a0 \u00a0ou\u00a0 par t\u00e9l\u00e9phone au 0262 27 24 36<\/span><br \/><span style=\"font-size: 18pt;\">\u00a0 \u00a0 \u00a0 \u00a0 \u00a0 \u00a0 \u00a0 \u00a0 \u00a0 \u00a0 \u00a0 \u00a0 \u00a0 \u00a0 \u00a0 \u00a0 \u00a0 \u00a0 \u00a0 \u00a0 \u00a0 \u00a0 \u00a0 \u00a0 \u00a0 \u00a0 \u00a0 \u00a0 \u00a0 plein tarif 20\u20ac<\/span><br \/><span style=\"font-size: 18pt;\">\u00a0 \u00a0 \u00a0 \u00a0 \u00a0 \u00a0 \u00a0 \u00a0 \u00a0 \u00a0 \u00a0 \u00a0 \u00a0 \u00a0 \u00a0 \u00a0 \u00a0 \u00a0 \u00a0 \u00a0 \u00a0 \u00a0 \u00a0 \u00a0 \u00a0 \u00a0 \u00a0 \u00a0 tarif r\u00e9duit 16\u20ac<\/span><br \/><span style=\"font-size: 18pt;\">moins de 18 ans, gratuit<br \/>par t\u00e9l\u00e9phone ou par mail \u00e0\u00a0<a href=\"billetterie@theatrelucdonat.re\">billetterie@theatrelucdonat.re<\/a> \u00a0 \u00a0 \u00a0\u00a0\u00a0<\/span><\/p>\n<p><style>\/*! elementor - v3.23.0 - 15-07-2024 *\/<br \/>\n.elementor-widget-image{text-align:center}.elementor-widget-image a{display:inline-block}.elementor-widget-image a img[src$=\".svg\"]{width:48px}.elementor-widget-image img{vertical-align:middle;display:inline-block}<\/style>\n<\/p>\n<p><img decoding=\"async\" class=\"aligncenter\" src=\"https:\/\/www.villancico.re\/wp-content\/uploads\/2024\/10\/Info-tarifs-original_page_1-ok-724x1024.gif\" sizes=\"(max-width: 640px) 100vw, 640px\" srcset=\"https:\/\/www.villancico.re\/wp-content\/uploads\/2024\/10\/Info-tarifs-original_page_1-ok-724x1024.gif 724w, https:\/\/www.villancico.re\/wp-content\/uploads\/2024\/10\/Info-tarifs-original_page_1-ok-212x300.gif 212w, https:\/\/www.villancico.re\/wp-content\/uploads\/2024\/10\/Info-tarifs-original_page_1-ok-768x1086.gif 768w, https:\/\/www.villancico.re\/wp-content\/uploads\/2024\/10\/Info-tarifs-original_page_1-ok-453x640.gif 453w\" alt=\"\" width=\"587\" height=\"829\" \/><\/p>","protected":false},"excerpt":{"rendered":"<p>Entr\u00e9e Gratuite : moins de 18 ansAchat de billets sur place : 20 \u20ac Pr\u00e9vente pour le concert du 30 novembre, sur le site http:\/\/www.citedesarts.re : plein tarif 18 \u20ac\u00a0 \u00a0 \u00a0 \u00a0 \u00a0 \u00a0 \u00a0 \u00a0 \u00a0&#8230; <a class=\"read-more\" href=\"https:\/\/www.villancico.re\/index.php\/2024\/10\/16\/dates\/\">Read More<\/a><\/p>\n","protected":false},"author":5,"featured_media":0,"comment_status":"closed","ping_status":"closed","sticky":false,"template":"","format":"standard","meta":{"footnotes":""},"categories":[11],"tags":[],"class_list":["post-1005","post","type-post","status-publish","format-standard","hentry","category-annee-2024"],"yoast_head":"<!-- This site is optimized with the Yoast SEO plugin v26.0 - https:\/\/yoast.com\/wordpress\/plugins\/seo\/ -->\n<title>Dates, lieux et tarifs des concerts - Villancico Choeur \u00eele de la R\u00e9union - Ce site a \u00e9t\u00e9 financ\u00e9 \u00e0 l\u2019aide du FEDER (REACT-UE) dans le cadre de la r\u00e9ponse de l\u2019Union europ\u00e9enne \u00e0 la pand\u00e9mie COVID-19. L\u2019Europe s\u2019engage \u00e0 La R\u00e9union.<\/title>\n<meta name=\"robots\" content=\"noindex, follow\" \/>\n<meta property=\"og:locale\" content=\"fr_FR\" \/>\n<meta property=\"og:type\" content=\"article\" \/>\n<meta property=\"og:title\" content=\"Dates, lieux et tarifs des concerts - Villancico Choeur \u00eele de la R\u00e9union - Ce site a \u00e9t\u00e9 financ\u00e9 \u00e0 l\u2019aide du FEDER (REACT-UE) dans le cadre de la r\u00e9ponse de l\u2019Union europ\u00e9enne \u00e0 la pand\u00e9mie COVID-19. L\u2019Europe s\u2019engage \u00e0 La R\u00e9union.\" \/>\n<meta property=\"og:description\" content=\"Entr\u00e9e Gratuite : moins de 18 ansAchat de billets sur place : 20 \u20ac Pr\u00e9vente pour le concert du 30 novembre, sur le site http:\/\/www.citedesarts.re : plein tarif 18 \u20ac\u00a0 \u00a0 \u00a0 \u00a0 \u00a0 \u00a0 \u00a0 \u00a0 \u00a0... Read More\" \/>\n<meta property=\"og:url\" content=\"https:\/\/www.villancico.re\/index.php\/2024\/10\/16\/dates\/\" \/>\n<meta property=\"og:site_name\" content=\"Villancico Choeur \u00eele de la R\u00e9union - Ce site a \u00e9t\u00e9 financ\u00e9 \u00e0 l\u2019aide du FEDER (REACT-UE) dans le cadre de la r\u00e9ponse de l\u2019Union europ\u00e9enne \u00e0 la pand\u00e9mie COVID-19. L\u2019Europe s\u2019engage \u00e0 La R\u00e9union.\" \/>\n<meta property=\"article:publisher\" content=\"https:\/\/facebook.com\" \/>\n<meta property=\"article:published_time\" content=\"2024-10-16T04:47:56+00:00\" \/>\n<meta property=\"article:modified_time\" content=\"2025-01-31T11:13:04+00:00\" \/>\n<meta property=\"og:image\" content=\"https:\/\/www.villancico.re\/wp-content\/uploads\/2024\/11\/concert-.jpg\" \/>\n<meta name=\"author\" content=\"Bernard\" \/>\n<meta name=\"twitter:card\" content=\"summary_large_image\" \/>\n<meta name=\"twitter:label1\" content=\"\u00c9crit par\" \/>\n\t<meta name=\"twitter:data1\" content=\"Bernard\" \/>\n\t<meta name=\"twitter:label2\" content=\"Dur\u00e9e de lecture estim\u00e9e\" \/>\n\t<meta name=\"twitter:data2\" content=\"1 minute\" \/>\n<script type=\"application\/ld+json\" class=\"yoast-schema-graph\">{\"@context\":\"https:\/\/schema.org\",\"@graph\":[{\"@type\":\"Article\",\"@id\":\"https:\/\/www.villancico.re\/index.php\/2024\/10\/16\/dates\/#article\",\"isPartOf\":{\"@id\":\"https:\/\/www.villancico.re\/index.php\/2024\/10\/16\/dates\/\"},\"author\":{\"name\":\"Bernard\",\"@id\":\"https:\/\/www.villancico.re\/#\/schema\/person\/8432e22dbeb10a5aea671a002c13da6a\"},\"headline\":\"Dates, lieux et tarifs des concerts\",\"datePublished\":\"2024-10-16T04:47:56+00:00\",\"dateModified\":\"2025-01-31T11:13:04+00:00\",\"mainEntityOfPage\":{\"@id\":\"https:\/\/www.villancico.re\/index.php\/2024\/10\/16\/dates\/\"},\"wordCount\":123,\"publisher\":{\"@id\":\"https:\/\/www.villancico.re\/#organization\"},\"image\":{\"@id\":\"https:\/\/www.villancico.re\/index.php\/2024\/10\/16\/dates\/#primaryimage\"},\"thumbnailUrl\":\"https:\/\/www.villancico.re\/wp-content\/uploads\/2024\/11\/concert-.jpg\",\"articleSection\":[\"ANNEE 2024\"],\"inLanguage\":\"fr-FR\"},{\"@type\":\"WebPage\",\"@id\":\"https:\/\/www.villancico.re\/index.php\/2024\/10\/16\/dates\/\",\"url\":\"https:\/\/www.villancico.re\/index.php\/2024\/10\/16\/dates\/\",\"name\":\"Dates, lieux et tarifs des concerts - Villancico Choeur \u00eele de la R\u00e9union - Ce site a \u00e9t\u00e9 financ\u00e9 \u00e0 l\u2019aide du FEDER (REACT-UE) dans le cadre de la r\u00e9ponse de l\u2019Union europ\u00e9enne \u00e0 la pand\u00e9mie COVID-19. L\u2019Europe s\u2019engage \u00e0 La R\u00e9union.\",\"isPartOf\":{\"@id\":\"https:\/\/www.villancico.re\/#website\"},\"primaryImageOfPage\":{\"@id\":\"https:\/\/www.villancico.re\/index.php\/2024\/10\/16\/dates\/#primaryimage\"},\"image\":{\"@id\":\"https:\/\/www.villancico.re\/index.php\/2024\/10\/16\/dates\/#primaryimage\"},\"thumbnailUrl\":\"https:\/\/www.villancico.re\/wp-content\/uploads\/2024\/11\/concert-.jpg\",\"datePublished\":\"2024-10-16T04:47:56+00:00\",\"dateModified\":\"2025-01-31T11:13:04+00:00\",\"breadcrumb\":{\"@id\":\"https:\/\/www.villancico.re\/index.php\/2024\/10\/16\/dates\/#breadcrumb\"},\"inLanguage\":\"fr-FR\",\"potentialAction\":[{\"@type\":\"ReadAction\",\"target\":[\"https:\/\/www.villancico.re\/index.php\/2024\/10\/16\/dates\/\"]}]},{\"@type\":\"ImageObject\",\"inLanguage\":\"fr-FR\",\"@id\":\"https:\/\/www.villancico.re\/index.php\/2024\/10\/16\/dates\/#primaryimage\",\"url\":\"https:\/\/www.villancico.re\/wp-content\/uploads\/2024\/11\/concert-.jpg\",\"contentUrl\":\"https:\/\/www.villancico.re\/wp-content\/uploads\/2024\/11\/concert-.jpg\",\"width\":879,\"height\":848},{\"@type\":\"BreadcrumbList\",\"@id\":\"https:\/\/www.villancico.re\/index.php\/2024\/10\/16\/dates\/#breadcrumb\",\"itemListElement\":[{\"@type\":\"ListItem\",\"position\":1,\"name\":\"Accueil\",\"item\":\"https:\/\/www.villancico.re\/\"},{\"@type\":\"ListItem\",\"position\":2,\"name\":\"Dates, lieux et tarifs des concerts\"}]},{\"@type\":\"WebSite\",\"@id\":\"https:\/\/www.villancico.re\/#website\",\"url\":\"https:\/\/www.villancico.re\/\",\"name\":\"villancico.re chorale choeur ile de la r\u00e9union 974\",\"description\":\"Ensemble vocal  Villancico\",\"publisher\":{\"@id\":\"https:\/\/www.villancico.re\/#organization\"},\"potentialAction\":[{\"@type\":\"SearchAction\",\"target\":{\"@type\":\"EntryPoint\",\"urlTemplate\":\"https:\/\/www.villancico.re\/?s={search_term_string}\"},\"query-input\":{\"@type\":\"PropertyValueSpecification\",\"valueRequired\":true,\"valueName\":\"search_term_string\"}}],\"inLanguage\":\"fr-FR\"},{\"@type\":\"Organization\",\"@id\":\"https:\/\/www.villancico.re\/#organization\",\"name\":\"villancico.re chorale choeur ile de la r\u00e9union 974\",\"url\":\"https:\/\/www.villancico.re\/\",\"logo\":{\"@type\":\"ImageObject\",\"inLanguage\":\"fr-FR\",\"@id\":\"https:\/\/www.villancico.re\/#\/schema\/logo\/image\/\",\"url\":\"https:\/\/www.villancico.re\/wp-content\/uploads\/2022\/09\/modif-thierry-.png\",\"contentUrl\":\"https:\/\/www.villancico.re\/wp-content\/uploads\/2022\/09\/modif-thierry-.png\",\"width\":400,\"height\":110,\"caption\":\"villancico.re chorale choeur ile de la r\u00e9union 974\"},\"image\":{\"@id\":\"https:\/\/www.villancico.re\/#\/schema\/logo\/image\/\"},\"sameAs\":[\"https:\/\/facebook.com\"]},{\"@type\":\"Person\",\"@id\":\"https:\/\/www.villancico.re\/#\/schema\/person\/8432e22dbeb10a5aea671a002c13da6a\",\"name\":\"Bernard\",\"sameAs\":[\"http:\/\/villancico.re\"]}]}<\/script>\n<!-- \/ Yoast SEO plugin. -->","yoast_head_json":{"title":"Dates, lieux et tarifs des concerts - Villancico Choeur \u00eele de la R\u00e9union - Ce site a \u00e9t\u00e9 financ\u00e9 \u00e0 l\u2019aide du FEDER (REACT-UE) dans le cadre de la r\u00e9ponse de l\u2019Union europ\u00e9enne \u00e0 la pand\u00e9mie COVID-19. L\u2019Europe s\u2019engage \u00e0 La R\u00e9union.","robots":{"index":"noindex","follow":"follow"},"og_locale":"fr_FR","og_type":"article","og_title":"Dates, lieux et tarifs des concerts - Villancico Choeur \u00eele de la R\u00e9union - Ce site a \u00e9t\u00e9 financ\u00e9 \u00e0 l\u2019aide du FEDER (REACT-UE) dans le cadre de la r\u00e9ponse de l\u2019Union europ\u00e9enne \u00e0 la pand\u00e9mie COVID-19. L\u2019Europe s\u2019engage \u00e0 La R\u00e9union.","og_description":"Entr\u00e9e Gratuite : moins de 18 ansAchat de billets sur place : 20 \u20ac Pr\u00e9vente pour le concert du 30 novembre, sur le site http:\/\/www.citedesarts.re : plein tarif 18 \u20ac\u00a0 \u00a0 \u00a0 \u00a0 \u00a0 \u00a0 \u00a0 \u00a0 \u00a0... Read More","og_url":"https:\/\/www.villancico.re\/index.php\/2024\/10\/16\/dates\/","og_site_name":"Villancico Choeur \u00eele de la R\u00e9union - Ce site a \u00e9t\u00e9 financ\u00e9 \u00e0 l\u2019aide du FEDER (REACT-UE) dans le cadre de la r\u00e9ponse de l\u2019Union europ\u00e9enne \u00e0 la pand\u00e9mie COVID-19. L\u2019Europe s\u2019engage \u00e0 La R\u00e9union.","article_publisher":"https:\/\/facebook.com","article_published_time":"2024-10-16T04:47:56+00:00","article_modified_time":"2025-01-31T11:13:04+00:00","og_image":[{"url":"https:\/\/www.villancico.re\/wp-content\/uploads\/2024\/11\/concert-.jpg","type":"","width":"","height":""}],"author":"Bernard","twitter_card":"summary_large_image","twitter_misc":{"\u00c9crit par":"Bernard","Dur\u00e9e de lecture estim\u00e9e":"1 minute"},"schema":{"@context":"https:\/\/schema.org","@graph":[{"@type":"Article","@id":"https:\/\/www.villancico.re\/index.php\/2024\/10\/16\/dates\/#article","isPartOf":{"@id":"https:\/\/www.villancico.re\/index.php\/2024\/10\/16\/dates\/"},"author":{"name":"Bernard","@id":"https:\/\/www.villancico.re\/#\/schema\/person\/8432e22dbeb10a5aea671a002c13da6a"},"headline":"Dates, lieux et tarifs des concerts","datePublished":"2024-10-16T04:47:56+00:00","dateModified":"2025-01-31T11:13:04+00:00","mainEntityOfPage":{"@id":"https:\/\/www.villancico.re\/index.php\/2024\/10\/16\/dates\/"},"wordCount":123,"publisher":{"@id":"https:\/\/www.villancico.re\/#organization"},"image":{"@id":"https:\/\/www.villancico.re\/index.php\/2024\/10\/16\/dates\/#primaryimage"},"thumbnailUrl":"https:\/\/www.villancico.re\/wp-content\/uploads\/2024\/11\/concert-.jpg","articleSection":["ANNEE 2024"],"inLanguage":"fr-FR"},{"@type":"WebPage","@id":"https:\/\/www.villancico.re\/index.php\/2024\/10\/16\/dates\/","url":"https:\/\/www.villancico.re\/index.php\/2024\/10\/16\/dates\/","name":"Dates, lieux et tarifs des concerts - Villancico Choeur \u00eele de la R\u00e9union - Ce site a \u00e9t\u00e9 financ\u00e9 \u00e0 l\u2019aide du FEDER (REACT-UE) dans le cadre de la r\u00e9ponse de l\u2019Union europ\u00e9enne \u00e0 la pand\u00e9mie COVID-19. L\u2019Europe s\u2019engage \u00e0 La R\u00e9union.","isPartOf":{"@id":"https:\/\/www.villancico.re\/#website"},"primaryImageOfPage":{"@id":"https:\/\/www.villancico.re\/index.php\/2024\/10\/16\/dates\/#primaryimage"},"image":{"@id":"https:\/\/www.villancico.re\/index.php\/2024\/10\/16\/dates\/#primaryimage"},"thumbnailUrl":"https:\/\/www.villancico.re\/wp-content\/uploads\/2024\/11\/concert-.jpg","datePublished":"2024-10-16T04:47:56+00:00","dateModified":"2025-01-31T11:13:04+00:00","breadcrumb":{"@id":"https:\/\/www.villancico.re\/index.php\/2024\/10\/16\/dates\/#breadcrumb"},"inLanguage":"fr-FR","potentialAction":[{"@type":"ReadAction","target":["https:\/\/www.villancico.re\/index.php\/2024\/10\/16\/dates\/"]}]},{"@type":"ImageObject","inLanguage":"fr-FR","@id":"https:\/\/www.villancico.re\/index.php\/2024\/10\/16\/dates\/#primaryimage","url":"https:\/\/www.villancico.re\/wp-content\/uploads\/2024\/11\/concert-.jpg","contentUrl":"https:\/\/www.villancico.re\/wp-content\/uploads\/2024\/11\/concert-.jpg","width":879,"height":848},{"@type":"BreadcrumbList","@id":"https:\/\/www.villancico.re\/index.php\/2024\/10\/16\/dates\/#breadcrumb","itemListElement":[{"@type":"ListItem","position":1,"name":"Accueil","item":"https:\/\/www.villancico.re\/"},{"@type":"ListItem","position":2,"name":"Dates, lieux et tarifs des concerts"}]},{"@type":"WebSite","@id":"https:\/\/www.villancico.re\/#website","url":"https:\/\/www.villancico.re\/","name":"villancico.re chorale choeur ile de la r\u00e9union 974","description":"Ensemble vocal  Villancico","publisher":{"@id":"https:\/\/www.villancico.re\/#organization"},"potentialAction":[{"@type":"SearchAction","target":{"@type":"EntryPoint","urlTemplate":"https:\/\/www.villancico.re\/?s={search_term_string}"},"query-input":{"@type":"PropertyValueSpecification","valueRequired":true,"valueName":"search_term_string"}}],"inLanguage":"fr-FR"},{"@type":"Organization","@id":"https:\/\/www.villancico.re\/#organization","name":"villancico.re chorale choeur ile de la r\u00e9union 974","url":"https:\/\/www.villancico.re\/","logo":{"@type":"ImageObject","inLanguage":"fr-FR","@id":"https:\/\/www.villancico.re\/#\/schema\/logo\/image\/","url":"https:\/\/www.villancico.re\/wp-content\/uploads\/2022\/09\/modif-thierry-.png","contentUrl":"https:\/\/www.villancico.re\/wp-content\/uploads\/2022\/09\/modif-thierry-.png","width":400,"height":110,"caption":"villancico.re chorale choeur ile de la r\u00e9union 974"},"image":{"@id":"https:\/\/www.villancico.re\/#\/schema\/logo\/image\/"},"sameAs":["https:\/\/facebook.com"]},{"@type":"Person","@id":"https:\/\/www.villancico.re\/#\/schema\/person\/8432e22dbeb10a5aea671a002c13da6a","name":"Bernard","sameAs":["http:\/\/villancico.re"]}]}},"_links":{"self":[{"href":"https:\/\/www.villancico.re\/index.php\/wp-json\/wp\/v2\/posts\/1005","targetHints":{"allow":["GET"]}}],"collection":[{"href":"https:\/\/www.villancico.re\/index.php\/wp-json\/wp\/v2\/posts"}],"about":[{"href":"https:\/\/www.villancico.re\/index.php\/wp-json\/wp\/v2\/types\/post"}],"author":[{"embeddable":true,"href":"https:\/\/www.villancico.re\/index.php\/wp-json\/wp\/v2\/users\/5"}],"replies":[{"embeddable":true,"href":"https:\/\/www.villancico.re\/index.php\/wp-json\/wp\/v2\/comments?post=1005"}],"version-history":[{"count":16,"href":"https:\/\/www.villancico.re\/index.php\/wp-json\/wp\/v2\/posts\/1005\/revisions"}],"predecessor-version":[{"id":1218,"href":"https:\/\/www.villancico.re\/index.php\/wp-json\/wp\/v2\/posts\/1005\/revisions\/1218"}],"wp:attachment":[{"href":"https:\/\/www.villancico.re\/index.php\/wp-json\/wp\/v2\/media?parent=1005"}],"wp:term":[{"taxonomy":"category","embeddable":true,"href":"https:\/\/www.villancico.re\/index.php\/wp-json\/wp\/v2\/categories?post=1005"},{"taxonomy":"post_tag","embeddable":true,"href":"https:\/\/www.villancico.re\/index.php\/wp-json\/wp\/v2\/tags?post=1005"}],"curies":[{"name":"wp","href":"https:\/\/api.w.org\/{rel}","templated":true}]}}