{"id":1012,"date":"2024-10-16T11:33:11","date_gmt":"2024-10-16T07:33:11","guid":{"rendered":"https:\/\/www.villancico.re\/?p=1012"},"modified":"2024-10-29T18:26:31","modified_gmt":"2024-10-29T14:26:31","slug":"a-propos-de-misatango","status":"publish","type":"post","link":"https:\/\/www.villancico.re\/index.php\/2024\/10\/16\/a-propos-de-misatango\/","title":{"rendered":"A propos de Misatango"},"content":{"rendered":"\n<figure class=\"wp-block-image size-large\"><img fetchpriority=\"high\" decoding=\"async\" width=\"1024\" height=\"791\" src=\"https:\/\/www.villancico.re\/wp-content\/uploads\/2024\/10\/White-and-Red-Modern-Business-Memo-Note-Card-1024x791.png\" alt=\"\" class=\"wp-image-978\" srcset=\"https:\/\/www.villancico.re\/wp-content\/uploads\/2024\/10\/White-and-Red-Modern-Business-Memo-Note-Card-1024x791.png 1024w, https:\/\/www.villancico.re\/wp-content\/uploads\/2024\/10\/White-and-Red-Modern-Business-Memo-Note-Card-300x232.png 300w, https:\/\/www.villancico.re\/wp-content\/uploads\/2024\/10\/White-and-Red-Modern-Business-Memo-Note-Card-768x593.png 768w, https:\/\/www.villancico.re\/wp-content\/uploads\/2024\/10\/White-and-Red-Modern-Business-Memo-Note-Card-1536x1187.png 1536w, https:\/\/www.villancico.re\/wp-content\/uploads\/2024\/10\/White-and-Red-Modern-Business-Memo-Note-Card-640x495.png 640w, https:\/\/www.villancico.re\/wp-content\/uploads\/2024\/10\/White-and-Red-Modern-Business-Memo-Note-Card.png 1650w\" sizes=\"(max-width: 1024px) 100vw, 1024px\" \/><\/figure>\n\n\n\n<div class=\"wp-block-media-text is-stacked-on-mobile\"><figure class=\"wp-block-media-text__media\"><img decoding=\"async\" width=\"463\" height=\"340\" src=\"https:\/\/www.villancico.re\/wp-content\/uploads\/2024\/04\/tango-recadre.jpeg\" alt=\"\" class=\"wp-image-939 size-full\" srcset=\"https:\/\/www.villancico.re\/wp-content\/uploads\/2024\/04\/tango-recadre.jpeg 463w, https:\/\/www.villancico.re\/wp-content\/uploads\/2024\/04\/tango-recadre-300x220.jpeg 300w\" sizes=\"(max-width: 463px) 100vw, 463px\" \/><\/figure><div class=\"wp-block-media-text__content\">\n<p class=\"has-text-align-center\"><strong>Mart\u00edn Palmeri<\/strong> est n\u00e9 en 1965; ce compositeur argentin est tr\u00e8s attach\u00e9 \u00e0 son pays d&rsquo;origine, et au tango. <br> <br> Sa <strong><em>Misa a Buenos Aires<\/em>,<\/strong> cr\u00e9\u00e9e en 1966 \u00e0 Buenos-Aires, est plus connue sous le nom de <strong>&lsquo;Misatango<\/strong>&lsquo;.<br><br> C&rsquo;est une messe en latin, une \u0153uvre \u00e9trange, extraordinaire, alternant les temps de tension et les temps de repos, et proposant de beaux dialogues entre la <strong>soliste <\/strong>et le <strong>choeur<\/strong>.<\/p>\n\n\n\n<p><\/p>\n<\/div><\/div>\n\n\n\n<figure class=\"wp-block-audio\"><audio controls src=\"https:\/\/www.villancico.re\/wp-content\/uploads\/2024\/10\/Credo-piano-mes-103-112.mp3\"><\/audio><\/figure>\n\n\n\n<hr class=\"wp-block-separator has-alpha-channel-opacity\"\/>\n\n\n\n<h2 class=\"wp-block-heading\">Martin PALMERI, <em>MisaTango<\/em><\/h2>\n\n\n\n<p><\/p>\n\n\n\n<p class=\"has-text-align-center\"><strong>Le compositeur<\/strong><\/p>\n\n\n\n<p>N\u00e9 le&nbsp;<a href=\"https:\/\/fr.wikipedia.org\/wiki\/19_juillet\">19<\/a>&nbsp;<a href=\"https:\/\/fr.wikipedia.org\/wiki\/Juillet_1965\">juillet<\/a>&nbsp;<a href=\"https:\/\/fr.wikipedia.org\/wiki\/1965_en_musique_classique\">1965<\/a>&nbsp;\u00e0&nbsp;<a href=\"https:\/\/fr.wikipedia.org\/wiki\/Buenos_Aires\">Buenos Aires<\/a>, <strong>Mart\u00edn Palmeri<\/strong> est \u00e0 la fois pianiste, chef d\u2019orchestre, chef de choeur et compositeur.<\/p>\n\n\n\n<p>Son \u0153uvre est vari\u00e9e&nbsp;: des op\u00e9ras (<em>Mateo<\/em>, <em>Stefano<\/em>), des pi\u00e8ces orchestrales comme ses <em>Concertos <\/em>pour violoncelle ou pour bandon\u00e9on , et surtout des \u0153uvres chorales d\u2019inspiration religieuse&nbsp;: <em>Oratorio de No\u00ebl<\/em>, <em>Gloria<\/em>, <em>Magnificat<\/em>, une <em>Cr\u00e9ation<\/em> \u2026<\/p>\n\n\n\n<p>Parmi ces \u0153uvres chorales, la plus c\u00e9l\u00e8bre est incontestablement la <em><strong>Misa a Buenos Aires<\/strong><\/em> (Messe \u00e0 Buenos Aires), appel\u00e9e aussi <em><strong>MisaTango<\/strong><\/em>. Elle a \u00e9t\u00e9 cr\u00e9\u00e9e le 17 ao\u00fbt 1996 au <em>Teatro Broadway<\/em> de Buenos Aires par l\u2019<em>Orquesta Sinfonica nacional<\/em> de Cuba et deux ch\u0153urs de Buenos Aires, auxquels elle est d\u00e9di\u00e9e : le Ch\u0153ur de la Facult\u00e9 de droit de l\u2019Universit\u00e9 et le Ch\u0153ur Polyphonique.<\/p>\n\n\n\n<div class=\"wp-block-columns is-layout-flex wp-container-core-columns-is-layout-9d6595d7 wp-block-columns-is-layout-flex\">\n<div class=\"wp-block-column is-layout-flow wp-block-column-is-layout-flow\">\n<figure class=\"wp-block-image size-large is-resized\"><img decoding=\"async\" width=\"1024\" height=\"480\" src=\"https:\/\/www.villancico.re\/wp-content\/uploads\/2024\/10\/partition-extrait-1024x480.png\" alt=\"\" class=\"wp-image-1031\" style=\"width:628px;height:auto\" srcset=\"https:\/\/www.villancico.re\/wp-content\/uploads\/2024\/10\/partition-extrait-1024x480.png 1024w, https:\/\/www.villancico.re\/wp-content\/uploads\/2024\/10\/partition-extrait-300x141.png 300w, https:\/\/www.villancico.re\/wp-content\/uploads\/2024\/10\/partition-extrait-768x360.png 768w, https:\/\/www.villancico.re\/wp-content\/uploads\/2024\/10\/partition-extrait-640x300.png 640w, https:\/\/www.villancico.re\/wp-content\/uploads\/2024\/10\/partition-extrait.png 1129w\" sizes=\"(max-width: 1024px) 100vw, 1024px\" \/><\/figure>\n<\/div>\n<\/div>\n\n\n\n<p class=\"has-text-align-center\"><strong>Une \u0153uvre m\u00ealant le sacr\u00e9 et le profane, le savant et le populaire<\/strong><\/p>\n\n\n\n<p>Concr\u00e8tement, il s\u2019agit d\u2019une \u0153uvre <em>\u00ab&nbsp;pour mezzo-soprano (solo)<\/em><em>, <\/em><em>ch\u0153ur mixte,&nbsp;bandon\u00e9on, piano et <a href=\"https:\/\/fr.wikipedia.org\/wiki\/Orchestre_%C3%A0_cordes\">orchestre \u00e0 cordes<\/a>&nbsp;\u00bb<\/em> (violons, altos, violoncelles et contrebasse).<\/p>\n\n\n\n<p>La partition reprend les mouvements d\u2019une <strong>messe en latin<\/strong> traditionnelle (<em>Kyrie<\/em>, <em>Gloria<\/em>, <em>Credo<\/em>, <em>Sanctus<\/em>, <em>Benedictus, Agnus Dei<\/em>), chant\u00e9e sur les harmonies et les rythmes syncop\u00e9s du tango. Dans cette \u00ab&nbsp;messe \u00e0 la sauce Tango&nbsp;\u00bb, l\u2019instrument embl\u00e9matique du tango, le <strong>bandon\u00e9on<\/strong>, se taille \u00e9videmment la part du lion.<\/p>\n\n\n\n<p><\/p>\n\n\n\n<p>Chef de ch\u0153ur tr\u00e8s actif, <strong>Palmeri <\/strong>a dirig\u00e9 de nombreux ensembles vocaux argentins, et c\u2019est \u00e0 la demande de ses choristes qu\u2019il a compos\u00e9 cette messe, car il n\u2019existait pas de r\u00e9pertoire de tango pour ch\u0153ur. Mais laissons-lui la parole&nbsp;:<\/p>\n\n\n\n<blockquote class=\"wp-block-quote is-layout-flow wp-block-quote-is-layout-flow\">\n<div class=\"wp-block-columns is-layout-flex wp-container-core-columns-is-layout-9d6595d7 wp-block-columns-is-layout-flex\">\n<div class=\"wp-block-column is-layout-flow wp-block-column-is-layout-flow\" style=\"flex-basis:33.33%\"><\/div>\n\n\n\n<div class=\"wp-block-column is-layout-flow wp-block-column-is-layout-flow\" style=\"flex-basis:66.66%\">\n<p><em>\u00ab&nbsp;Cette \u0153uvre a \u00e9t\u00e9 \u00e9crite avec l\u2019intention d\u2019offrir \u00e0 mes ch\u0153urs une \u0153uvre symphonique chorale qui puisse nous rapprocher du r\u00e9pertoire du tango. En effet, en travaillant avec mes ch\u0153urs, j\u2019ai constat\u00e9 \u00e0 quel point l\u2019interpr\u00e9tation des tangos traditionnels par des chorales est particuli\u00e8rement difficile et complexe. Cette \u0153uvre est donc ici un hommage aux ch\u0153urs et au tango ainsi qu\u2019\u00e0 ses cr\u00e9ateurs. Mais elle est aussi issue d\u2019une production spontan\u00e9e, fruit de mon exp\u00e9rience, comme chef de ch\u0153ur, pianiste et arrangeur de tango.&nbsp;\u00bb<\/em>&nbsp;<\/p>\n<\/div>\n<\/div>\n<\/blockquote>\n\n\n\n<p>Quoi, une \u00ab&nbsp;messe tango&nbsp;\u00bb&nbsp;?! Associer les deux termes para\u00eet au mieux incongru, au pire inconvenant sinon blasph\u00e9matoire&nbsp;! Comment oser m\u00ealer la sacralit\u00e9 d\u2019une messe et la sensualit\u00e9 de cette danse, le tango&nbsp;?<\/p>\n\n\n\n<div class=\"wp-block-media-text is-stacked-on-mobile\"><figure class=\"wp-block-media-text__media\"><img loading=\"lazy\" decoding=\"async\" width=\"239\" height=\"272\" src=\"https:\/\/www.villancico.re\/wp-content\/uploads\/2024\/04\/9989d2f68337ac7b508d7faf91268c24e672af65-recadre.jpeg\" alt=\"\" class=\"wp-image-940 size-full\"\/><\/figure><div class=\"wp-block-media-text__content\">\n<p>Et comment \u00e9viter les r\u00e9ticences quand il s\u2019agit, comme c\u2019est souvent le cas, de donner la MisaTango dans une \u00e9glise?<\/p>\n\n\n\n<p>La meilleure r\u00e9ponse, c&rsquo;est qu&rsquo;il faut voir et entendre la repr\u00e9sentation de cette <em>Misa<\/em>, et   ensuite la r\u00e9ponse \u00e0 la question s&rsquo;imposera d&rsquo;elle-m\u00eame.<\/p>\n<\/div><\/div>\n\n\n\n<div class=\"wp-block-columns is-layout-flex wp-container-core-columns-is-layout-9d6595d7 wp-block-columns-is-layout-flex\">\n<div class=\"wp-block-column is-layout-flow wp-block-column-is-layout-flow\" style=\"flex-basis:66.66%\">\n<p>Quoi qu&rsquo;il en soit, la <em>MisaTango<\/em> figure aujourd\u2019hui au r\u00e9pertoire de nombreux ch\u0153urs du monde entier, en particulier en France et en Allemagne. Elle serait m\u00eame l\u2019\u0153uvre vocale la plus jou\u00e9e en Europe, <br>plus de 3000 fois par an&nbsp;!<\/p>\n<\/div>\n\n\n\n<div class=\"wp-block-column is-layout-flow wp-block-column-is-layout-flow\" style=\"flex-basis:33.33%\"><\/div>\n<\/div>\n\n\n\n<p class=\"has-text-align-center\"><strong>Un grand plaisir&nbsp;!<\/strong><\/p>\n\n\n\n<p><strong>Anne-Marie Beck<\/strong>, qui a chant\u00e9 l\u2019\u0153uvre plusieurs fois avec l\u2019<em>Ensemble vocal Michel Piquemal<\/em>, elle confie&nbsp;avoir \u00e9prouv\u00e9 un <em>\u00ab&nbsp;grand plaisir \u00e0 se plonger dans cette musique bien \u00e9crite pour les voix&nbsp;\u00bb<\/em>, malgr\u00e9 la difficult\u00e9 pour un ch\u0153ur fran\u00e7ais <em>\u00ab&nbsp;de ressentir et d\u2019apprivoiser cette pulsation tango si particuli\u00e8re, qui ne nous est pas famili\u00e8re&nbsp;\u00bb<\/em>.<\/p>\n\n\n\n<p>Elle ajoute&nbsp;: <em>\u00ab&nbsp;L\u2019instrumentation m\u00e9rite aussi d\u2019\u00eatre salu\u00e9e : un orchestre \u00e0 cordes, un piano et un bandon\u00e9on. Cet alliage sonore conf\u00e8re \u00e0 la partition une couleur tr\u00e8s particuli\u00e8re, extr\u00eamement attachante, qui met en valeur les voix et s\u2019associe tr\u00e8s bien avec elles.<\/em><\/p>\n\n\n\n<p>Pour conclure&nbsp;: <em>\u00ab&nbsp;Ce qui est formidable, c\u2019est de constater que le public r\u00e9agit avec un plaisir semblable au n\u00f4tre ! La&nbsp;<\/em><em>Misatango&nbsp;<\/em><em>poss\u00e8de un impact imm\u00e9diat qui se confirme de concert en concert. Chanteurs comme auditeurs se sentent anim\u00e9s par un d\u00e9sir irr\u00e9pressible de bouger au rythme de la musique !&nbsp;\u00bb<\/em><\/p>\n\n\n\n<p class=\"has-text-align-center\"><em><strong>Vous chantiez&nbsp;? Eh bien, dansez maintenant&nbsp;!!<\/strong><\/em><\/p>\n\n\n\n<p><\/p>\n","protected":false},"excerpt":{"rendered":"<p>Mart\u00edn Palmeri est n\u00e9 en 1965; ce compositeur argentin est tr\u00e8s attach\u00e9 \u00e0 son pays d&rsquo;origine, et au tango. Sa Misa a Buenos Aires, cr\u00e9\u00e9e en 1966 \u00e0 Buenos-Aires, est plus connue sous le nom de &lsquo;Misatango&lsquo;. C&rsquo;est&#8230; <a class=\"read-more\" href=\"https:\/\/www.villancico.re\/index.php\/2024\/10\/16\/a-propos-de-misatango\/\">Read More<\/a><\/p>\n","protected":false},"author":5,"featured_media":0,"comment_status":"closed","ping_status":"closed","sticky":false,"template":"","format":"standard","meta":{"footnotes":""},"categories":[11],"tags":[],"class_list":["post-1012","post","type-post","status-publish","format-standard","hentry","category-annee-2024"],"yoast_head":"<!-- This site is optimized with the Yoast SEO plugin v26.0 - https:\/\/yoast.com\/wordpress\/plugins\/seo\/ -->\n<title>A propos de Misatango - Villancico Choeur \u00eele de la R\u00e9union - Ce site a \u00e9t\u00e9 financ\u00e9 \u00e0 l\u2019aide du FEDER (REACT-UE) dans le cadre de la r\u00e9ponse de l\u2019Union europ\u00e9enne \u00e0 la pand\u00e9mie COVID-19. L\u2019Europe s\u2019engage \u00e0 La R\u00e9union.<\/title>\n<meta name=\"robots\" content=\"noindex, follow\" \/>\n<meta property=\"og:locale\" content=\"fr_FR\" \/>\n<meta property=\"og:type\" content=\"article\" \/>\n<meta property=\"og:title\" content=\"A propos de Misatango - Villancico Choeur \u00eele de la R\u00e9union - Ce site a \u00e9t\u00e9 financ\u00e9 \u00e0 l\u2019aide du FEDER (REACT-UE) dans le cadre de la r\u00e9ponse de l\u2019Union europ\u00e9enne \u00e0 la pand\u00e9mie COVID-19. L\u2019Europe s\u2019engage \u00e0 La R\u00e9union.\" \/>\n<meta property=\"og:description\" content=\"Mart\u00edn Palmeri est n\u00e9 en 1965; ce compositeur argentin est tr\u00e8s attach\u00e9 \u00e0 son pays d&rsquo;origine, et au tango. Sa Misa a Buenos Aires, cr\u00e9\u00e9e en 1966 \u00e0 Buenos-Aires, est plus connue sous le nom de &lsquo;Misatango&lsquo;. C&rsquo;est... Read More\" \/>\n<meta property=\"og:url\" content=\"https:\/\/www.villancico.re\/index.php\/2024\/10\/16\/a-propos-de-misatango\/\" \/>\n<meta property=\"og:site_name\" content=\"Villancico Choeur \u00eele de la R\u00e9union - Ce site a \u00e9t\u00e9 financ\u00e9 \u00e0 l\u2019aide du FEDER (REACT-UE) dans le cadre de la r\u00e9ponse de l\u2019Union europ\u00e9enne \u00e0 la pand\u00e9mie COVID-19. L\u2019Europe s\u2019engage \u00e0 La R\u00e9union.\" \/>\n<meta property=\"article:publisher\" content=\"https:\/\/facebook.com\" \/>\n<meta property=\"article:published_time\" content=\"2024-10-16T07:33:11+00:00\" \/>\n<meta property=\"article:modified_time\" content=\"2024-10-29T14:26:31+00:00\" \/>\n<meta property=\"og:image\" content=\"https:\/\/www.villancico.re\/wp-content\/uploads\/2024\/10\/White-and-Red-Modern-Business-Memo-Note-Card-1024x791.png\" \/>\n<meta name=\"author\" content=\"Bernard\" \/>\n<meta name=\"twitter:card\" content=\"summary_large_image\" \/>\n<meta name=\"twitter:label1\" content=\"\u00c9crit par\" \/>\n\t<meta name=\"twitter:data1\" content=\"Bernard\" \/>\n\t<meta name=\"twitter:label2\" content=\"Dur\u00e9e de lecture estim\u00e9e\" \/>\n\t<meta name=\"twitter:data2\" content=\"4 minutes\" \/>\n<script type=\"application\/ld+json\" class=\"yoast-schema-graph\">{\"@context\":\"https:\/\/schema.org\",\"@graph\":[{\"@type\":\"Article\",\"@id\":\"https:\/\/www.villancico.re\/index.php\/2024\/10\/16\/a-propos-de-misatango\/#article\",\"isPartOf\":{\"@id\":\"https:\/\/www.villancico.re\/index.php\/2024\/10\/16\/a-propos-de-misatango\/\"},\"author\":{\"name\":\"Bernard\",\"@id\":\"https:\/\/www.villancico.re\/#\/schema\/person\/8432e22dbeb10a5aea671a002c13da6a\"},\"headline\":\"A propos de Misatango\",\"datePublished\":\"2024-10-16T07:33:11+00:00\",\"dateModified\":\"2024-10-29T14:26:31+00:00\",\"mainEntityOfPage\":{\"@id\":\"https:\/\/www.villancico.re\/index.php\/2024\/10\/16\/a-propos-de-misatango\/\"},\"wordCount\":783,\"publisher\":{\"@id\":\"https:\/\/www.villancico.re\/#organization\"},\"image\":{\"@id\":\"https:\/\/www.villancico.re\/index.php\/2024\/10\/16\/a-propos-de-misatango\/#primaryimage\"},\"thumbnailUrl\":\"https:\/\/www.villancico.re\/wp-content\/uploads\/2024\/10\/White-and-Red-Modern-Business-Memo-Note-Card-1024x791.png\",\"articleSection\":[\"ANNEE 2024\"],\"inLanguage\":\"fr-FR\"},{\"@type\":\"WebPage\",\"@id\":\"https:\/\/www.villancico.re\/index.php\/2024\/10\/16\/a-propos-de-misatango\/\",\"url\":\"https:\/\/www.villancico.re\/index.php\/2024\/10\/16\/a-propos-de-misatango\/\",\"name\":\"A propos de Misatango - Villancico Choeur \u00eele de la R\u00e9union - Ce site a \u00e9t\u00e9 financ\u00e9 \u00e0 l\u2019aide du FEDER (REACT-UE) dans le cadre de la r\u00e9ponse de l\u2019Union europ\u00e9enne \u00e0 la pand\u00e9mie COVID-19. L\u2019Europe s\u2019engage \u00e0 La R\u00e9union.\",\"isPartOf\":{\"@id\":\"https:\/\/www.villancico.re\/#website\"},\"primaryImageOfPage\":{\"@id\":\"https:\/\/www.villancico.re\/index.php\/2024\/10\/16\/a-propos-de-misatango\/#primaryimage\"},\"image\":{\"@id\":\"https:\/\/www.villancico.re\/index.php\/2024\/10\/16\/a-propos-de-misatango\/#primaryimage\"},\"thumbnailUrl\":\"https:\/\/www.villancico.re\/wp-content\/uploads\/2024\/10\/White-and-Red-Modern-Business-Memo-Note-Card-1024x791.png\",\"datePublished\":\"2024-10-16T07:33:11+00:00\",\"dateModified\":\"2024-10-29T14:26:31+00:00\",\"breadcrumb\":{\"@id\":\"https:\/\/www.villancico.re\/index.php\/2024\/10\/16\/a-propos-de-misatango\/#breadcrumb\"},\"inLanguage\":\"fr-FR\",\"potentialAction\":[{\"@type\":\"ReadAction\",\"target\":[\"https:\/\/www.villancico.re\/index.php\/2024\/10\/16\/a-propos-de-misatango\/\"]}]},{\"@type\":\"ImageObject\",\"inLanguage\":\"fr-FR\",\"@id\":\"https:\/\/www.villancico.re\/index.php\/2024\/10\/16\/a-propos-de-misatango\/#primaryimage\",\"url\":\"https:\/\/www.villancico.re\/wp-content\/uploads\/2024\/10\/White-and-Red-Modern-Business-Memo-Note-Card.png\",\"contentUrl\":\"https:\/\/www.villancico.re\/wp-content\/uploads\/2024\/10\/White-and-Red-Modern-Business-Memo-Note-Card.png\",\"width\":1650,\"height\":1275},{\"@type\":\"BreadcrumbList\",\"@id\":\"https:\/\/www.villancico.re\/index.php\/2024\/10\/16\/a-propos-de-misatango\/#breadcrumb\",\"itemListElement\":[{\"@type\":\"ListItem\",\"position\":1,\"name\":\"Accueil\",\"item\":\"https:\/\/www.villancico.re\/\"},{\"@type\":\"ListItem\",\"position\":2,\"name\":\"A propos de Misatango\"}]},{\"@type\":\"WebSite\",\"@id\":\"https:\/\/www.villancico.re\/#website\",\"url\":\"https:\/\/www.villancico.re\/\",\"name\":\"villancico.re chorale choeur ile de la r\u00e9union 974\",\"description\":\"Ensemble vocal  Villancico\",\"publisher\":{\"@id\":\"https:\/\/www.villancico.re\/#organization\"},\"potentialAction\":[{\"@type\":\"SearchAction\",\"target\":{\"@type\":\"EntryPoint\",\"urlTemplate\":\"https:\/\/www.villancico.re\/?s={search_term_string}\"},\"query-input\":{\"@type\":\"PropertyValueSpecification\",\"valueRequired\":true,\"valueName\":\"search_term_string\"}}],\"inLanguage\":\"fr-FR\"},{\"@type\":\"Organization\",\"@id\":\"https:\/\/www.villancico.re\/#organization\",\"name\":\"villancico.re chorale choeur ile de la r\u00e9union 974\",\"url\":\"https:\/\/www.villancico.re\/\",\"logo\":{\"@type\":\"ImageObject\",\"inLanguage\":\"fr-FR\",\"@id\":\"https:\/\/www.villancico.re\/#\/schema\/logo\/image\/\",\"url\":\"https:\/\/www.villancico.re\/wp-content\/uploads\/2022\/09\/modif-thierry-.png\",\"contentUrl\":\"https:\/\/www.villancico.re\/wp-content\/uploads\/2022\/09\/modif-thierry-.png\",\"width\":400,\"height\":110,\"caption\":\"villancico.re chorale choeur ile de la r\u00e9union 974\"},\"image\":{\"@id\":\"https:\/\/www.villancico.re\/#\/schema\/logo\/image\/\"},\"sameAs\":[\"https:\/\/facebook.com\"]},{\"@type\":\"Person\",\"@id\":\"https:\/\/www.villancico.re\/#\/schema\/person\/8432e22dbeb10a5aea671a002c13da6a\",\"name\":\"Bernard\",\"sameAs\":[\"http:\/\/villancico.re\"]}]}<\/script>\n<!-- \/ Yoast SEO plugin. -->","yoast_head_json":{"title":"A propos de Misatango - Villancico Choeur \u00eele de la R\u00e9union - Ce site a \u00e9t\u00e9 financ\u00e9 \u00e0 l\u2019aide du FEDER (REACT-UE) dans le cadre de la r\u00e9ponse de l\u2019Union europ\u00e9enne \u00e0 la pand\u00e9mie COVID-19. L\u2019Europe s\u2019engage \u00e0 La R\u00e9union.","robots":{"index":"noindex","follow":"follow"},"og_locale":"fr_FR","og_type":"article","og_title":"A propos de Misatango - Villancico Choeur \u00eele de la R\u00e9union - Ce site a \u00e9t\u00e9 financ\u00e9 \u00e0 l\u2019aide du FEDER (REACT-UE) dans le cadre de la r\u00e9ponse de l\u2019Union europ\u00e9enne \u00e0 la pand\u00e9mie COVID-19. L\u2019Europe s\u2019engage \u00e0 La R\u00e9union.","og_description":"Mart\u00edn Palmeri est n\u00e9 en 1965; ce compositeur argentin est tr\u00e8s attach\u00e9 \u00e0 son pays d&rsquo;origine, et au tango. Sa Misa a Buenos Aires, cr\u00e9\u00e9e en 1966 \u00e0 Buenos-Aires, est plus connue sous le nom de &lsquo;Misatango&lsquo;. C&rsquo;est... Read More","og_url":"https:\/\/www.villancico.re\/index.php\/2024\/10\/16\/a-propos-de-misatango\/","og_site_name":"Villancico Choeur \u00eele de la R\u00e9union - Ce site a \u00e9t\u00e9 financ\u00e9 \u00e0 l\u2019aide du FEDER (REACT-UE) dans le cadre de la r\u00e9ponse de l\u2019Union europ\u00e9enne \u00e0 la pand\u00e9mie COVID-19. L\u2019Europe s\u2019engage \u00e0 La R\u00e9union.","article_publisher":"https:\/\/facebook.com","article_published_time":"2024-10-16T07:33:11+00:00","article_modified_time":"2024-10-29T14:26:31+00:00","og_image":[{"url":"https:\/\/www.villancico.re\/wp-content\/uploads\/2024\/10\/White-and-Red-Modern-Business-Memo-Note-Card-1024x791.png","type":"","width":"","height":""}],"author":"Bernard","twitter_card":"summary_large_image","twitter_misc":{"\u00c9crit par":"Bernard","Dur\u00e9e de lecture estim\u00e9e":"4 minutes"},"schema":{"@context":"https:\/\/schema.org","@graph":[{"@type":"Article","@id":"https:\/\/www.villancico.re\/index.php\/2024\/10\/16\/a-propos-de-misatango\/#article","isPartOf":{"@id":"https:\/\/www.villancico.re\/index.php\/2024\/10\/16\/a-propos-de-misatango\/"},"author":{"name":"Bernard","@id":"https:\/\/www.villancico.re\/#\/schema\/person\/8432e22dbeb10a5aea671a002c13da6a"},"headline":"A propos de Misatango","datePublished":"2024-10-16T07:33:11+00:00","dateModified":"2024-10-29T14:26:31+00:00","mainEntityOfPage":{"@id":"https:\/\/www.villancico.re\/index.php\/2024\/10\/16\/a-propos-de-misatango\/"},"wordCount":783,"publisher":{"@id":"https:\/\/www.villancico.re\/#organization"},"image":{"@id":"https:\/\/www.villancico.re\/index.php\/2024\/10\/16\/a-propos-de-misatango\/#primaryimage"},"thumbnailUrl":"https:\/\/www.villancico.re\/wp-content\/uploads\/2024\/10\/White-and-Red-Modern-Business-Memo-Note-Card-1024x791.png","articleSection":["ANNEE 2024"],"inLanguage":"fr-FR"},{"@type":"WebPage","@id":"https:\/\/www.villancico.re\/index.php\/2024\/10\/16\/a-propos-de-misatango\/","url":"https:\/\/www.villancico.re\/index.php\/2024\/10\/16\/a-propos-de-misatango\/","name":"A propos de Misatango - Villancico Choeur \u00eele de la R\u00e9union - Ce site a \u00e9t\u00e9 financ\u00e9 \u00e0 l\u2019aide du FEDER (REACT-UE) dans le cadre de la r\u00e9ponse de l\u2019Union europ\u00e9enne \u00e0 la pand\u00e9mie COVID-19. L\u2019Europe s\u2019engage \u00e0 La R\u00e9union.","isPartOf":{"@id":"https:\/\/www.villancico.re\/#website"},"primaryImageOfPage":{"@id":"https:\/\/www.villancico.re\/index.php\/2024\/10\/16\/a-propos-de-misatango\/#primaryimage"},"image":{"@id":"https:\/\/www.villancico.re\/index.php\/2024\/10\/16\/a-propos-de-misatango\/#primaryimage"},"thumbnailUrl":"https:\/\/www.villancico.re\/wp-content\/uploads\/2024\/10\/White-and-Red-Modern-Business-Memo-Note-Card-1024x791.png","datePublished":"2024-10-16T07:33:11+00:00","dateModified":"2024-10-29T14:26:31+00:00","breadcrumb":{"@id":"https:\/\/www.villancico.re\/index.php\/2024\/10\/16\/a-propos-de-misatango\/#breadcrumb"},"inLanguage":"fr-FR","potentialAction":[{"@type":"ReadAction","target":["https:\/\/www.villancico.re\/index.php\/2024\/10\/16\/a-propos-de-misatango\/"]}]},{"@type":"ImageObject","inLanguage":"fr-FR","@id":"https:\/\/www.villancico.re\/index.php\/2024\/10\/16\/a-propos-de-misatango\/#primaryimage","url":"https:\/\/www.villancico.re\/wp-content\/uploads\/2024\/10\/White-and-Red-Modern-Business-Memo-Note-Card.png","contentUrl":"https:\/\/www.villancico.re\/wp-content\/uploads\/2024\/10\/White-and-Red-Modern-Business-Memo-Note-Card.png","width":1650,"height":1275},{"@type":"BreadcrumbList","@id":"https:\/\/www.villancico.re\/index.php\/2024\/10\/16\/a-propos-de-misatango\/#breadcrumb","itemListElement":[{"@type":"ListItem","position":1,"name":"Accueil","item":"https:\/\/www.villancico.re\/"},{"@type":"ListItem","position":2,"name":"A propos de Misatango"}]},{"@type":"WebSite","@id":"https:\/\/www.villancico.re\/#website","url":"https:\/\/www.villancico.re\/","name":"villancico.re chorale choeur ile de la r\u00e9union 974","description":"Ensemble vocal  Villancico","publisher":{"@id":"https:\/\/www.villancico.re\/#organization"},"potentialAction":[{"@type":"SearchAction","target":{"@type":"EntryPoint","urlTemplate":"https:\/\/www.villancico.re\/?s={search_term_string}"},"query-input":{"@type":"PropertyValueSpecification","valueRequired":true,"valueName":"search_term_string"}}],"inLanguage":"fr-FR"},{"@type":"Organization","@id":"https:\/\/www.villancico.re\/#organization","name":"villancico.re chorale choeur ile de la r\u00e9union 974","url":"https:\/\/www.villancico.re\/","logo":{"@type":"ImageObject","inLanguage":"fr-FR","@id":"https:\/\/www.villancico.re\/#\/schema\/logo\/image\/","url":"https:\/\/www.villancico.re\/wp-content\/uploads\/2022\/09\/modif-thierry-.png","contentUrl":"https:\/\/www.villancico.re\/wp-content\/uploads\/2022\/09\/modif-thierry-.png","width":400,"height":110,"caption":"villancico.re chorale choeur ile de la r\u00e9union 974"},"image":{"@id":"https:\/\/www.villancico.re\/#\/schema\/logo\/image\/"},"sameAs":["https:\/\/facebook.com"]},{"@type":"Person","@id":"https:\/\/www.villancico.re\/#\/schema\/person\/8432e22dbeb10a5aea671a002c13da6a","name":"Bernard","sameAs":["http:\/\/villancico.re"]}]}},"_links":{"self":[{"href":"https:\/\/www.villancico.re\/index.php\/wp-json\/wp\/v2\/posts\/1012","targetHints":{"allow":["GET"]}}],"collection":[{"href":"https:\/\/www.villancico.re\/index.php\/wp-json\/wp\/v2\/posts"}],"about":[{"href":"https:\/\/www.villancico.re\/index.php\/wp-json\/wp\/v2\/types\/post"}],"author":[{"embeddable":true,"href":"https:\/\/www.villancico.re\/index.php\/wp-json\/wp\/v2\/users\/5"}],"replies":[{"embeddable":true,"href":"https:\/\/www.villancico.re\/index.php\/wp-json\/wp\/v2\/comments?post=1012"}],"version-history":[{"count":13,"href":"https:\/\/www.villancico.re\/index.php\/wp-json\/wp\/v2\/posts\/1012\/revisions"}],"predecessor-version":[{"id":1102,"href":"https:\/\/www.villancico.re\/index.php\/wp-json\/wp\/v2\/posts\/1012\/revisions\/1102"}],"wp:attachment":[{"href":"https:\/\/www.villancico.re\/index.php\/wp-json\/wp\/v2\/media?parent=1012"}],"wp:term":[{"taxonomy":"category","embeddable":true,"href":"https:\/\/www.villancico.re\/index.php\/wp-json\/wp\/v2\/categories?post=1012"},{"taxonomy":"post_tag","embeddable":true,"href":"https:\/\/www.villancico.re\/index.php\/wp-json\/wp\/v2\/tags?post=1012"}],"curies":[{"name":"wp","href":"https:\/\/api.w.org\/{rel}","templated":true}]}}