{"id":1050,"date":"2024-10-23T17:57:02","date_gmt":"2024-10-23T13:57:02","guid":{"rendered":"https:\/\/www.villancico.re\/?p=1050"},"modified":"2024-11-18T10:12:44","modified_gmt":"2024-11-18T06:12:44","slug":"les-musiciens","status":"publish","type":"post","link":"https:\/\/www.villancico.re\/index.php\/2024\/10\/23\/les-musiciens\/","title":{"rendered":"Soliste et Musiciens des concerts Villancico MISATANGO"},"content":{"rendered":"\n<p class=\"has-text-align-center\"><\/p>\n\n\n\n<h2 class=\"wp-block-heading has-text-align-center\">La Soliste, Alice FERRIERE<\/h2>\n\n\n\n<blockquote class=\"wp-block-quote is-layout-flow wp-block-quote-is-layout-flow\">\n<div class=\"wp-block-media-text is-stacked-on-mobile\"><figure class=\"wp-block-media-text__media\"><img fetchpriority=\"high\" decoding=\"async\" width=\"531\" height=\"796\" src=\"https:\/\/www.villancico.re\/wp-content\/uploads\/2024\/10\/Alice-F.portrait.jpg\" alt=\"\" class=\"wp-image-1053 size-full\" srcset=\"https:\/\/www.villancico.re\/wp-content\/uploads\/2024\/10\/Alice-F.portrait.jpg 531w, https:\/\/www.villancico.re\/wp-content\/uploads\/2024\/10\/Alice-F.portrait-200x300.jpg 200w, https:\/\/www.villancico.re\/wp-content\/uploads\/2024\/10\/Alice-F.portrait-427x640.jpg 427w\" sizes=\"(max-width: 531px) 100vw, 531px\" \/><\/figure><div class=\"wp-block-media-text__content\">\n<p><strong><em>La mezzo-soprano r\u00e9unionnaise Alice Ferri\u00e8re grandit \u00e0 Saint-Andr\u00e9 et fr\u00e9quente le CRR de la R\u00e9union o\u00f9 elle obtient une premi\u00e8re formation musicale, en classe de clarinette. Parall\u00e8lement \u00e0 ses \u00e9tudes en histoire et sciences politiques \u00e0 la Sorbonne, elle d\u00e9couvre le chant lyrique. C&rsquo;est \u00e0 l&rsquo;universit\u00e9 de musique et d&rsquo;art dramatique de Vienne en Autriche qu&rsquo;elle se perfectionne et obtient un master en op\u00e9ra et en interpr\u00e9tation de la musique sacr\u00e9e et du lied.<\/em><\/strong><\/p>\n<\/div><\/div>\n<\/blockquote>\n\n\n<blockquote>\n<p><span style=\"color: #1d2228; font-size: 18pt;\"><span style=\"font-family: Calibri, Helvetica, sans-serif;\"><i>\u00a0 \u00a0 \u00a0 \u00a0 \u00a0Alice Ferri\u00e8re poss\u00e8de un vaste r\u00e9pertoire de musique de chambre, de lieder et m\u00e9lodies, de musique sacr\u00e9e et d&rsquo;op\u00e9ra. Elle est une soliste internationale appr\u00e9ci\u00e9e pour son timbre velout\u00e9, sa voix de mezzo-soprano colorature flexible et sa grande musicalit\u00e9.<br \/><\/i><\/span><\/span><span style=\"color: #1d2228; font-size: 18pt;\"><span style=\"font-family: Calibri, Helvetica, sans-serif;\"><i>\u00a0 \u00a0 \u00a0 \u00a0Cette ann\u00e9e, elle a d\u00e9but\u00e9 dans le r\u00f4le de Carmen de l&rsquo;op\u00e9ra de Bizet, elle a \u00e9t\u00e9 artiste invit\u00e9e au Festival de Bailu en Chine ou encore au Festival de Nohant.<br \/><\/i><\/span><\/span><span style=\"color: #1d2228; font-size: 18pt;\"><span style=\"font-family: Calibri, Helvetica, sans-serif;\"><i>\u00a0 \u00a0 \u00a0 Elle chantera lors d&rsquo;un Gala du Nouvel An \u00e0 Paris ainsi que plusieurs r\u00e9citals de m\u00e9lodies en France et en Italie \u00e0 Rome au mois de mai 2025.<\/i><\/span><\/span><\/p>\n<\/blockquote>\n\n\n<blockquote class=\"wp-block-quote is-layout-flow wp-block-quote-is-layout-flow\">\n<p><\/p>\n<\/blockquote>\n\n\n<figure><img decoding=\"async\" src=\"https:\/\/www.villancico.re\/wp-content\/uploads\/2024\/10\/16x9-POST-Saison-Concert-fin-2024-1-FACEBOOK-V4-1024x576.jpg\" alt=\"\" \/><\/figure>\n<\/p>\n<figure><img decoding=\"async\" class=\"alignleft\" src=\"https:\/\/www.villancico.re\/wp-content\/uploads\/2024\/10\/clara-notre-etoile-A-ferriere.jpg\" alt=\"\" \/><\/figure>\n<\/p>\n<blockquote>\n<p><span style=\"color: #1d2228; font-size: 18pt;\"><span style=\"font-family: Calibri, Helvetica, sans-serif;\"><i>\u00a0 \u00a0Alice Ferri\u00e8re est \u00e9galement une artiste engag\u00e9e et \u00e0 travers sa compagnie \u00d4 Lyric, elle d\u00e9veloppe des projets (spectacles, ateliers, workshops) pour faire conna\u00eetre et d\u00e9mocratiser l&rsquo;art lyrique.\u00a0<\/p>\n<p><\/i><\/span><\/span><span style=\"color: #1d2228; font-size: 18pt;\"><span style=\"font-family: Calibri, Helvetica, sans-serif;\"><i>Discographie : <br \/><\/i><\/span><\/span><span style=\"color: #1d2228; font-size: 18pt;\"><span style=\"font-family: Calibri, Helvetica, sans-serif;\"><i>\u00ab\u00a0Nuit exquise\u00a0\u00bb sorti en 2020 chez Paraty\u00a0<br \/><\/i><\/span><\/span><span style=\"color: #1d2228; font-size: 18pt;\"><span style=\"font-family: Calibri, Helvetica, sans-serif;\"><i>\u00ab\u00a0Clara notre \u00e9toile\u00a0\u00bb, sorti en 2023 chez Cascavelle<\/i><\/span><\/span><\/p>\n<\/blockquote>\n<blockquote>\n<p><span style=\"font-size: 18pt;\"><a name=\"yiv8891682310LPlnk978480\"><\/a> <span style=\"color: #1d2228;\"><span style=\"font-family: Calibri, Helvetica, sans-serif;\"><i>Pour plus d&rsquo;informations, rendez-vous sur:\u00a0<\/i><\/span><\/span><a href=\"https:\/\/aliceferriere.com\/\" target=\"_blank\" rel=\"noopener\"><span style=\"color: #196ad4;\"><span style=\"font-family: Calibri, Helvetica, sans-serif;\"><i><u>https:\/\/aliceferriere.com\/<\/u><\/i><\/span><\/span><\/a><\/span><\/p>\n<\/blockquote>\n\n\n<hr class=\"wp-block-separator has-alpha-channel-opacity\"\/>\n\n\n\n<p><\/p>\n\n\n\n<h2 class=\"wp-block-heading has-text-align-center\">Les Musiciens de l&rsquo;Orchestre,<br>sous la direction de Jacques DETAN<\/h2>\n\n\n\n<div style=\"height:39px\" aria-hidden=\"true\" class=\"wp-block-spacer\"><\/div>\n\n\n\n<div class=\"wp-block-columns is-layout-flex wp-container-core-columns-is-layout-9d6595d7 wp-block-columns-is-layout-flex\">\n<div class=\"wp-block-column is-layout-flow wp-block-column-is-layout-flow\">\n<p><span style=\"font-size: 18pt;\"><strong>Ariane LORENTZ\u00a0<\/strong>, bandon\u00e9on<\/span><\/p>\n<p>\u00a0<\/p>\n<p><span style=\"font-size: 18pt;\"><strong>Dominique SKORNY<\/strong> , piano<\/span><\/p>\n<p>\u00a0<\/p>\n<p><span style=\"font-size: 18pt;\"><strong>Fran\u00e7ois VIGNERON<\/strong> , contrebasse<\/span><\/p>\n<\/div>\n\n\n\n<div class=\"wp-block-column is-layout-flow wp-block-column-is-layout-flow\">\n<figure class=\"wp-block-image size-large\"><img decoding=\"async\" width=\"1024\" height=\"768\" src=\"https:\/\/www.villancico.re\/wp-content\/uploads\/2024\/11\/skorny-lorentz-clair-1024x768.jpg\" alt=\"\" class=\"wp-image-1153\" srcset=\"https:\/\/www.villancico.re\/wp-content\/uploads\/2024\/11\/skorny-lorentz-clair-1024x768.jpg 1024w, https:\/\/www.villancico.re\/wp-content\/uploads\/2024\/11\/skorny-lorentz-clair-300x225.jpg 300w, https:\/\/www.villancico.re\/wp-content\/uploads\/2024\/11\/skorny-lorentz-clair-768x576.jpg 768w, https:\/\/www.villancico.re\/wp-content\/uploads\/2024\/11\/skorny-lorentz-clair-1536x1152.jpg 1536w, https:\/\/www.villancico.re\/wp-content\/uploads\/2024\/11\/skorny-lorentz-clair-2048x1536.jpg 2048w, https:\/\/www.villancico.re\/wp-content\/uploads\/2024\/11\/skorny-lorentz-clair-640x480.jpg 640w\" sizes=\"(max-width: 1024px) 100vw, 1024px\" \/><\/figure>\n\n\n\n<figure class=\"wp-block-image size-large is-resized\"><img decoding=\"async\" width=\"683\" height=\"1024\" src=\"https:\/\/www.villancico.re\/wp-content\/uploads\/2024\/11\/Francois-Vigneron-683x1024.jpg\" alt=\"\" class=\"wp-image-1138\" style=\"width:227px;height:auto\" srcset=\"https:\/\/www.villancico.re\/wp-content\/uploads\/2024\/11\/Francois-Vigneron-683x1024.jpg 683w, https:\/\/www.villancico.re\/wp-content\/uploads\/2024\/11\/Francois-Vigneron-200x300.jpg 200w, https:\/\/www.villancico.re\/wp-content\/uploads\/2024\/11\/Francois-Vigneron-768x1152.jpg 768w, https:\/\/www.villancico.re\/wp-content\/uploads\/2024\/11\/Francois-Vigneron-1024x1536.jpg 1024w, https:\/\/www.villancico.re\/wp-content\/uploads\/2024\/11\/Francois-Vigneron-427x640.jpg 427w, https:\/\/www.villancico.re\/wp-content\/uploads\/2024\/11\/Francois-Vigneron.jpg 1365w\" sizes=\"(max-width: 683px) 100vw, 683px\" \/><\/figure>\n<\/div>\n<\/div>\n\n\n<\/p>\n<p><strong><span style=\"font-size: 18pt;\">QUATUOR ARSIS<\/span><\/strong><\/p>\n\n\n<div class=\"wp-block-columns is-layout-flex wp-container-core-columns-is-layout-9d6595d7 wp-block-columns-is-layout-flex\">\n<div class=\"wp-block-column is-layout-flow wp-block-column-is-layout-flow\">\n<figure class=\"wp-block-image size-large is-resized\"><img loading=\"lazy\" decoding=\"async\" width=\"964\" height=\"1024\" src=\"https:\/\/www.villancico.re\/wp-content\/uploads\/2024\/11\/Arcis-2-964x1024.jpg\" alt=\"\" class=\"wp-image-1115\" style=\"width:448px;height:auto\" srcset=\"https:\/\/www.villancico.re\/wp-content\/uploads\/2024\/11\/Arcis-2-964x1024.jpg 964w, https:\/\/www.villancico.re\/wp-content\/uploads\/2024\/11\/Arcis-2-282x300.jpg 282w, https:\/\/www.villancico.re\/wp-content\/uploads\/2024\/11\/Arcis-2-768x816.jpg 768w, https:\/\/www.villancico.re\/wp-content\/uploads\/2024\/11\/Arcis-2-603x640.jpg 603w, https:\/\/www.villancico.re\/wp-content\/uploads\/2024\/11\/Arcis-2.jpg 1400w\" sizes=\"(max-width: 964px) 100vw, 964px\" \/><\/figure>\n<\/div>\n\n\n\n<div class=\"wp-block-column is-layout-flow wp-block-column-is-layout-flow\">\n<p style=\"text-align: center;\">\n<p>\u00a0 \u00a0 \u00a0 \u00a0 <span style=\"font-size: 18pt;\"><strong>Maritchu AGUERGARAY<\/strong> , violon<\/span><\/p>\n<p>\u00a0 \u00a0 \u00a0 \u00a0 <strong><span style=\"font-size: 18pt;\">Pierre SALLES<\/span><\/strong><span style=\"font-size: 18pt;\"> , violon<\/span><\/p>\n<p>\u00a0 \u00a0 \u00a0 \u00a0 <span style=\"font-size: 18pt;\"><strong>Vanessa MENNERET<\/strong> , alto<\/span><\/p>\n<p>\u00a0 \u00a0 \u00a0 \u00a0 <span style=\"font-size: 18pt;\"><strong>St\u00e9phanie AHO<\/strong> , violoncelle<\/span><\/p>\n<\/div>\n<\/div>\n\n\n\n<hr class=\"wp-block-separator has-alpha-channel-opacity\"\/>\n\n\n\n<p><\/p>\n\n\n\n<h2 class=\"wp-block-heading has-text-align-center\">LE CHOEUR VILLANCICO<\/h2>\n\n\n<p style=\"text-align: center;\"><span style=\"font-size: 18pt;\"><strong>\u00a0<\/strong><\/span><\/p>\n<p><span style=\"font-size: 18pt;\">Sous la direction de <strong>Jacques DETAN<\/strong>,<\/span><br \/><span style=\"font-size: 18pt;\">plus de cinquante choristes composent le Choeur Villancico,<\/span><br \/><span style=\"font-size: 18pt;\">avec ses quatre pupitres, Soprano, Alto, Tenor et Basse<\/span><\/p>\n\n\n<figure class=\"wp-block-image size-large\"><img loading=\"lazy\" decoding=\"async\" width=\"1024\" height=\"683\" src=\"https:\/\/www.villancico.re\/wp-content\/uploads\/2024\/11\/Le-Tampon-le-6-11-24-1024x683.jpg\" alt=\"\" class=\"wp-image-1125\" srcset=\"https:\/\/www.villancico.re\/wp-content\/uploads\/2024\/11\/Le-Tampon-le-6-11-24-1024x683.jpg 1024w, https:\/\/www.villancico.re\/wp-content\/uploads\/2024\/11\/Le-Tampon-le-6-11-24-300x200.jpg 300w, https:\/\/www.villancico.re\/wp-content\/uploads\/2024\/11\/Le-Tampon-le-6-11-24-768x512.jpg 768w, https:\/\/www.villancico.re\/wp-content\/uploads\/2024\/11\/Le-Tampon-le-6-11-24-1536x1024.jpg 1536w, https:\/\/www.villancico.re\/wp-content\/uploads\/2024\/11\/Le-Tampon-le-6-11-24-2048x1365.jpg 2048w, https:\/\/www.villancico.re\/wp-content\/uploads\/2024\/11\/Le-Tampon-le-6-11-24-640x427.jpg 640w\" sizes=\"(max-width: 1024px) 100vw, 1024px\" \/><\/figure>\n\n\n<\/p>\n\n\n<h2 class=\"wp-block-heading has-text-align-center\"><\/h2>\n\n\n\n<p><\/p>\n","protected":false},"excerpt":{"rendered":"<p>La Soliste, Alice FERRIERE \u00a0 \u00a0 \u00a0 \u00a0 \u00a0Alice Ferri\u00e8re poss\u00e8de un vaste r\u00e9pertoire de musique de chambre, de lieder et m\u00e9lodies, de musique sacr\u00e9e et d&rsquo;op\u00e9ra. Elle est une soliste internationale appr\u00e9ci\u00e9e pour son timbre velout\u00e9, sa&#8230; <a class=\"read-more\" href=\"https:\/\/www.villancico.re\/index.php\/2024\/10\/23\/les-musiciens\/\">Read More<\/a><\/p>\n","protected":false},"author":5,"featured_media":0,"comment_status":"closed","ping_status":"closed","sticky":false,"template":"","format":"standard","meta":{"footnotes":""},"categories":[11],"tags":[],"class_list":["post-1050","post","type-post","status-publish","format-standard","hentry","category-annee-2024"],"yoast_head":"<!-- This site is optimized with the Yoast SEO plugin v26.0 - https:\/\/yoast.com\/wordpress\/plugins\/seo\/ -->\n<title>Soliste et Musiciens des concerts Villancico MISATANGO - Villancico Choeur \u00eele de la R\u00e9union - Ce site a \u00e9t\u00e9 financ\u00e9 \u00e0 l\u2019aide du FEDER (REACT-UE) dans le cadre de la r\u00e9ponse de l\u2019Union europ\u00e9enne \u00e0 la pand\u00e9mie COVID-19. L\u2019Europe s\u2019engage \u00e0 La R\u00e9union.<\/title>\n<meta name=\"robots\" content=\"noindex, follow\" \/>\n<meta property=\"og:locale\" content=\"fr_FR\" \/>\n<meta property=\"og:type\" content=\"article\" \/>\n<meta property=\"og:title\" content=\"Soliste et Musiciens des concerts Villancico MISATANGO - Villancico Choeur \u00eele de la R\u00e9union - Ce site a \u00e9t\u00e9 financ\u00e9 \u00e0 l\u2019aide du FEDER (REACT-UE) dans le cadre de la r\u00e9ponse de l\u2019Union europ\u00e9enne \u00e0 la pand\u00e9mie COVID-19. L\u2019Europe s\u2019engage \u00e0 La R\u00e9union.\" \/>\n<meta property=\"og:description\" content=\"La Soliste, Alice FERRIERE \u00a0 \u00a0 \u00a0 \u00a0 \u00a0Alice Ferri\u00e8re poss\u00e8de un vaste r\u00e9pertoire de musique de chambre, de lieder et m\u00e9lodies, de musique sacr\u00e9e et d&rsquo;op\u00e9ra. Elle est une soliste internationale appr\u00e9ci\u00e9e pour son timbre velout\u00e9, sa... Read More\" \/>\n<meta property=\"og:url\" content=\"https:\/\/www.villancico.re\/index.php\/2024\/10\/23\/les-musiciens\/\" \/>\n<meta property=\"og:site_name\" content=\"Villancico Choeur \u00eele de la R\u00e9union - Ce site a \u00e9t\u00e9 financ\u00e9 \u00e0 l\u2019aide du FEDER (REACT-UE) dans le cadre de la r\u00e9ponse de l\u2019Union europ\u00e9enne \u00e0 la pand\u00e9mie COVID-19. L\u2019Europe s\u2019engage \u00e0 La R\u00e9union.\" \/>\n<meta property=\"article:publisher\" content=\"https:\/\/facebook.com\" \/>\n<meta property=\"article:published_time\" content=\"2024-10-23T13:57:02+00:00\" \/>\n<meta property=\"article:modified_time\" content=\"2024-11-18T06:12:44+00:00\" \/>\n<meta property=\"og:image\" content=\"https:\/\/www.villancico.re\/wp-content\/uploads\/2024\/10\/Alice-F.portrait.jpg\" \/>\n<meta name=\"author\" content=\"Bernard\" \/>\n<meta name=\"twitter:card\" content=\"summary_large_image\" \/>\n<meta name=\"twitter:label1\" content=\"\u00c9crit par\" \/>\n\t<meta name=\"twitter:data1\" content=\"Bernard\" \/>\n\t<meta name=\"twitter:label2\" content=\"Dur\u00e9e de lecture estim\u00e9e\" \/>\n\t<meta name=\"twitter:data2\" content=\"2 minutes\" \/>\n<script type=\"application\/ld+json\" class=\"yoast-schema-graph\">{\"@context\":\"https:\/\/schema.org\",\"@graph\":[{\"@type\":\"Article\",\"@id\":\"https:\/\/www.villancico.re\/index.php\/2024\/10\/23\/les-musiciens\/#article\",\"isPartOf\":{\"@id\":\"https:\/\/www.villancico.re\/index.php\/2024\/10\/23\/les-musiciens\/\"},\"author\":{\"name\":\"Bernard\",\"@id\":\"https:\/\/www.villancico.re\/#\/schema\/person\/8432e22dbeb10a5aea671a002c13da6a\"},\"headline\":\"Soliste et Musiciens des concerts Villancico MISATANGO\",\"datePublished\":\"2024-10-23T13:57:02+00:00\",\"dateModified\":\"2024-11-18T06:12:44+00:00\",\"mainEntityOfPage\":{\"@id\":\"https:\/\/www.villancico.re\/index.php\/2024\/10\/23\/les-musiciens\/\"},\"wordCount\":316,\"publisher\":{\"@id\":\"https:\/\/www.villancico.re\/#organization\"},\"image\":{\"@id\":\"https:\/\/www.villancico.re\/index.php\/2024\/10\/23\/les-musiciens\/#primaryimage\"},\"thumbnailUrl\":\"https:\/\/www.villancico.re\/wp-content\/uploads\/2024\/10\/Alice-F.portrait.jpg\",\"articleSection\":[\"ANNEE 2024\"],\"inLanguage\":\"fr-FR\"},{\"@type\":\"WebPage\",\"@id\":\"https:\/\/www.villancico.re\/index.php\/2024\/10\/23\/les-musiciens\/\",\"url\":\"https:\/\/www.villancico.re\/index.php\/2024\/10\/23\/les-musiciens\/\",\"name\":\"Soliste et Musiciens des concerts Villancico MISATANGO - Villancico Choeur \u00eele de la R\u00e9union - Ce site a \u00e9t\u00e9 financ\u00e9 \u00e0 l\u2019aide du FEDER (REACT-UE) dans le cadre de la r\u00e9ponse de l\u2019Union europ\u00e9enne \u00e0 la pand\u00e9mie COVID-19. L\u2019Europe s\u2019engage \u00e0 La R\u00e9union.\",\"isPartOf\":{\"@id\":\"https:\/\/www.villancico.re\/#website\"},\"primaryImageOfPage\":{\"@id\":\"https:\/\/www.villancico.re\/index.php\/2024\/10\/23\/les-musiciens\/#primaryimage\"},\"image\":{\"@id\":\"https:\/\/www.villancico.re\/index.php\/2024\/10\/23\/les-musiciens\/#primaryimage\"},\"thumbnailUrl\":\"https:\/\/www.villancico.re\/wp-content\/uploads\/2024\/10\/Alice-F.portrait.jpg\",\"datePublished\":\"2024-10-23T13:57:02+00:00\",\"dateModified\":\"2024-11-18T06:12:44+00:00\",\"breadcrumb\":{\"@id\":\"https:\/\/www.villancico.re\/index.php\/2024\/10\/23\/les-musiciens\/#breadcrumb\"},\"inLanguage\":\"fr-FR\",\"potentialAction\":[{\"@type\":\"ReadAction\",\"target\":[\"https:\/\/www.villancico.re\/index.php\/2024\/10\/23\/les-musiciens\/\"]}]},{\"@type\":\"ImageObject\",\"inLanguage\":\"fr-FR\",\"@id\":\"https:\/\/www.villancico.re\/index.php\/2024\/10\/23\/les-musiciens\/#primaryimage\",\"url\":\"https:\/\/www.villancico.re\/wp-content\/uploads\/2024\/10\/Alice-F.portrait.jpg\",\"contentUrl\":\"https:\/\/www.villancico.re\/wp-content\/uploads\/2024\/10\/Alice-F.portrait.jpg\",\"width\":531,\"height\":796},{\"@type\":\"BreadcrumbList\",\"@id\":\"https:\/\/www.villancico.re\/index.php\/2024\/10\/23\/les-musiciens\/#breadcrumb\",\"itemListElement\":[{\"@type\":\"ListItem\",\"position\":1,\"name\":\"Accueil\",\"item\":\"https:\/\/www.villancico.re\/\"},{\"@type\":\"ListItem\",\"position\":2,\"name\":\"Soliste et Musiciens des concerts Villancico MISATANGO\"}]},{\"@type\":\"WebSite\",\"@id\":\"https:\/\/www.villancico.re\/#website\",\"url\":\"https:\/\/www.villancico.re\/\",\"name\":\"villancico.re chorale choeur ile de la r\u00e9union 974\",\"description\":\"Ensemble vocal  Villancico\",\"publisher\":{\"@id\":\"https:\/\/www.villancico.re\/#organization\"},\"potentialAction\":[{\"@type\":\"SearchAction\",\"target\":{\"@type\":\"EntryPoint\",\"urlTemplate\":\"https:\/\/www.villancico.re\/?s={search_term_string}\"},\"query-input\":{\"@type\":\"PropertyValueSpecification\",\"valueRequired\":true,\"valueName\":\"search_term_string\"}}],\"inLanguage\":\"fr-FR\"},{\"@type\":\"Organization\",\"@id\":\"https:\/\/www.villancico.re\/#organization\",\"name\":\"villancico.re chorale choeur ile de la r\u00e9union 974\",\"url\":\"https:\/\/www.villancico.re\/\",\"logo\":{\"@type\":\"ImageObject\",\"inLanguage\":\"fr-FR\",\"@id\":\"https:\/\/www.villancico.re\/#\/schema\/logo\/image\/\",\"url\":\"https:\/\/www.villancico.re\/wp-content\/uploads\/2022\/09\/modif-thierry-.png\",\"contentUrl\":\"https:\/\/www.villancico.re\/wp-content\/uploads\/2022\/09\/modif-thierry-.png\",\"width\":400,\"height\":110,\"caption\":\"villancico.re chorale choeur ile de la r\u00e9union 974\"},\"image\":{\"@id\":\"https:\/\/www.villancico.re\/#\/schema\/logo\/image\/\"},\"sameAs\":[\"https:\/\/facebook.com\"]},{\"@type\":\"Person\",\"@id\":\"https:\/\/www.villancico.re\/#\/schema\/person\/8432e22dbeb10a5aea671a002c13da6a\",\"name\":\"Bernard\",\"sameAs\":[\"http:\/\/villancico.re\"]}]}<\/script>\n<!-- \/ Yoast SEO plugin. -->","yoast_head_json":{"title":"Soliste et Musiciens des concerts Villancico MISATANGO - Villancico Choeur \u00eele de la R\u00e9union - Ce site a \u00e9t\u00e9 financ\u00e9 \u00e0 l\u2019aide du FEDER (REACT-UE) dans le cadre de la r\u00e9ponse de l\u2019Union europ\u00e9enne \u00e0 la pand\u00e9mie COVID-19. L\u2019Europe s\u2019engage \u00e0 La R\u00e9union.","robots":{"index":"noindex","follow":"follow"},"og_locale":"fr_FR","og_type":"article","og_title":"Soliste et Musiciens des concerts Villancico MISATANGO - Villancico Choeur \u00eele de la R\u00e9union - Ce site a \u00e9t\u00e9 financ\u00e9 \u00e0 l\u2019aide du FEDER (REACT-UE) dans le cadre de la r\u00e9ponse de l\u2019Union europ\u00e9enne \u00e0 la pand\u00e9mie COVID-19. L\u2019Europe s\u2019engage \u00e0 La R\u00e9union.","og_description":"La Soliste, Alice FERRIERE \u00a0 \u00a0 \u00a0 \u00a0 \u00a0Alice Ferri\u00e8re poss\u00e8de un vaste r\u00e9pertoire de musique de chambre, de lieder et m\u00e9lodies, de musique sacr\u00e9e et d&rsquo;op\u00e9ra. Elle est une soliste internationale appr\u00e9ci\u00e9e pour son timbre velout\u00e9, sa... Read More","og_url":"https:\/\/www.villancico.re\/index.php\/2024\/10\/23\/les-musiciens\/","og_site_name":"Villancico Choeur \u00eele de la R\u00e9union - Ce site a \u00e9t\u00e9 financ\u00e9 \u00e0 l\u2019aide du FEDER (REACT-UE) dans le cadre de la r\u00e9ponse de l\u2019Union europ\u00e9enne \u00e0 la pand\u00e9mie COVID-19. L\u2019Europe s\u2019engage \u00e0 La R\u00e9union.","article_publisher":"https:\/\/facebook.com","article_published_time":"2024-10-23T13:57:02+00:00","article_modified_time":"2024-11-18T06:12:44+00:00","og_image":[{"url":"https:\/\/www.villancico.re\/wp-content\/uploads\/2024\/10\/Alice-F.portrait.jpg","type":"","width":"","height":""}],"author":"Bernard","twitter_card":"summary_large_image","twitter_misc":{"\u00c9crit par":"Bernard","Dur\u00e9e de lecture estim\u00e9e":"2 minutes"},"schema":{"@context":"https:\/\/schema.org","@graph":[{"@type":"Article","@id":"https:\/\/www.villancico.re\/index.php\/2024\/10\/23\/les-musiciens\/#article","isPartOf":{"@id":"https:\/\/www.villancico.re\/index.php\/2024\/10\/23\/les-musiciens\/"},"author":{"name":"Bernard","@id":"https:\/\/www.villancico.re\/#\/schema\/person\/8432e22dbeb10a5aea671a002c13da6a"},"headline":"Soliste et Musiciens des concerts Villancico MISATANGO","datePublished":"2024-10-23T13:57:02+00:00","dateModified":"2024-11-18T06:12:44+00:00","mainEntityOfPage":{"@id":"https:\/\/www.villancico.re\/index.php\/2024\/10\/23\/les-musiciens\/"},"wordCount":316,"publisher":{"@id":"https:\/\/www.villancico.re\/#organization"},"image":{"@id":"https:\/\/www.villancico.re\/index.php\/2024\/10\/23\/les-musiciens\/#primaryimage"},"thumbnailUrl":"https:\/\/www.villancico.re\/wp-content\/uploads\/2024\/10\/Alice-F.portrait.jpg","articleSection":["ANNEE 2024"],"inLanguage":"fr-FR"},{"@type":"WebPage","@id":"https:\/\/www.villancico.re\/index.php\/2024\/10\/23\/les-musiciens\/","url":"https:\/\/www.villancico.re\/index.php\/2024\/10\/23\/les-musiciens\/","name":"Soliste et Musiciens des concerts Villancico MISATANGO - Villancico Choeur \u00eele de la R\u00e9union - Ce site a \u00e9t\u00e9 financ\u00e9 \u00e0 l\u2019aide du FEDER (REACT-UE) dans le cadre de la r\u00e9ponse de l\u2019Union europ\u00e9enne \u00e0 la pand\u00e9mie COVID-19. L\u2019Europe s\u2019engage \u00e0 La R\u00e9union.","isPartOf":{"@id":"https:\/\/www.villancico.re\/#website"},"primaryImageOfPage":{"@id":"https:\/\/www.villancico.re\/index.php\/2024\/10\/23\/les-musiciens\/#primaryimage"},"image":{"@id":"https:\/\/www.villancico.re\/index.php\/2024\/10\/23\/les-musiciens\/#primaryimage"},"thumbnailUrl":"https:\/\/www.villancico.re\/wp-content\/uploads\/2024\/10\/Alice-F.portrait.jpg","datePublished":"2024-10-23T13:57:02+00:00","dateModified":"2024-11-18T06:12:44+00:00","breadcrumb":{"@id":"https:\/\/www.villancico.re\/index.php\/2024\/10\/23\/les-musiciens\/#breadcrumb"},"inLanguage":"fr-FR","potentialAction":[{"@type":"ReadAction","target":["https:\/\/www.villancico.re\/index.php\/2024\/10\/23\/les-musiciens\/"]}]},{"@type":"ImageObject","inLanguage":"fr-FR","@id":"https:\/\/www.villancico.re\/index.php\/2024\/10\/23\/les-musiciens\/#primaryimage","url":"https:\/\/www.villancico.re\/wp-content\/uploads\/2024\/10\/Alice-F.portrait.jpg","contentUrl":"https:\/\/www.villancico.re\/wp-content\/uploads\/2024\/10\/Alice-F.portrait.jpg","width":531,"height":796},{"@type":"BreadcrumbList","@id":"https:\/\/www.villancico.re\/index.php\/2024\/10\/23\/les-musiciens\/#breadcrumb","itemListElement":[{"@type":"ListItem","position":1,"name":"Accueil","item":"https:\/\/www.villancico.re\/"},{"@type":"ListItem","position":2,"name":"Soliste et Musiciens des concerts Villancico MISATANGO"}]},{"@type":"WebSite","@id":"https:\/\/www.villancico.re\/#website","url":"https:\/\/www.villancico.re\/","name":"villancico.re chorale choeur ile de la r\u00e9union 974","description":"Ensemble vocal  Villancico","publisher":{"@id":"https:\/\/www.villancico.re\/#organization"},"potentialAction":[{"@type":"SearchAction","target":{"@type":"EntryPoint","urlTemplate":"https:\/\/www.villancico.re\/?s={search_term_string}"},"query-input":{"@type":"PropertyValueSpecification","valueRequired":true,"valueName":"search_term_string"}}],"inLanguage":"fr-FR"},{"@type":"Organization","@id":"https:\/\/www.villancico.re\/#organization","name":"villancico.re chorale choeur ile de la r\u00e9union 974","url":"https:\/\/www.villancico.re\/","logo":{"@type":"ImageObject","inLanguage":"fr-FR","@id":"https:\/\/www.villancico.re\/#\/schema\/logo\/image\/","url":"https:\/\/www.villancico.re\/wp-content\/uploads\/2022\/09\/modif-thierry-.png","contentUrl":"https:\/\/www.villancico.re\/wp-content\/uploads\/2022\/09\/modif-thierry-.png","width":400,"height":110,"caption":"villancico.re chorale choeur ile de la r\u00e9union 974"},"image":{"@id":"https:\/\/www.villancico.re\/#\/schema\/logo\/image\/"},"sameAs":["https:\/\/facebook.com"]},{"@type":"Person","@id":"https:\/\/www.villancico.re\/#\/schema\/person\/8432e22dbeb10a5aea671a002c13da6a","name":"Bernard","sameAs":["http:\/\/villancico.re"]}]}},"_links":{"self":[{"href":"https:\/\/www.villancico.re\/index.php\/wp-json\/wp\/v2\/posts\/1050","targetHints":{"allow":["GET"]}}],"collection":[{"href":"https:\/\/www.villancico.re\/index.php\/wp-json\/wp\/v2\/posts"}],"about":[{"href":"https:\/\/www.villancico.re\/index.php\/wp-json\/wp\/v2\/types\/post"}],"author":[{"embeddable":true,"href":"https:\/\/www.villancico.re\/index.php\/wp-json\/wp\/v2\/users\/5"}],"replies":[{"embeddable":true,"href":"https:\/\/www.villancico.re\/index.php\/wp-json\/wp\/v2\/comments?post=1050"}],"version-history":[{"count":38,"href":"https:\/\/www.villancico.re\/index.php\/wp-json\/wp\/v2\/posts\/1050\/revisions"}],"predecessor-version":[{"id":1200,"href":"https:\/\/www.villancico.re\/index.php\/wp-json\/wp\/v2\/posts\/1050\/revisions\/1200"}],"wp:attachment":[{"href":"https:\/\/www.villancico.re\/index.php\/wp-json\/wp\/v2\/media?parent=1050"}],"wp:term":[{"taxonomy":"category","embeddable":true,"href":"https:\/\/www.villancico.re\/index.php\/wp-json\/wp\/v2\/categories?post=1050"},{"taxonomy":"post_tag","embeddable":true,"href":"https:\/\/www.villancico.re\/index.php\/wp-json\/wp\/v2\/tags?post=1050"}],"curies":[{"name":"wp","href":"https:\/\/api.w.org\/{rel}","templated":true}]}}