{"id":301,"date":"2022-12-15T11:28:35","date_gmt":"2022-12-15T07:28:35","guid":{"rendered":"https:\/\/www.villancico.re\/?p=301"},"modified":"2023-05-23T00:53:29","modified_gmt":"2023-05-22T20:53:29","slug":"block-test","status":"publish","type":"post","link":"https:\/\/www.villancico.re\/index.php\/2022\/12\/15\/block-test\/","title":{"rendered":"Le Choeur VILLANCICO"},"content":{"rendered":"\n\t\t<div id=\"obb-widget-area-606466739\" class=\"organic-block organic-block-widget-area align\">\n\n\t\t\t<div id=\"organic_widgets_image_slideshow_section-3\" class=\"organic-widget widget widget_organic_widgets_image_slideshow_section\">\n\t\t<style media=\"screen\">\t\t\t\t\t\t\t#organic_widgets_image_slideshow_section-3 {\n\t\t\t\t\twidth: 100%;\n\t\t\t\t}\n\t\t\t\t\t\t\t\t\t\t\t\t\t#organic_widgets_image_slideshow_section-3 .slide-text h4 {\n\t\t\t\t\t\t\t\t\t\tfont-family: Courgette;\n\t\t\t\t\t\t\t\t\t\t\t\t\t\t\tfont-weight: normal;\n\t\t\t\t\t\t\t\t\t\t\t\t\t\t\t\t\t\t\t\t\t\t\t\t}\n\t\t\t\t\t<\/style>\n\t\t<div \t\tclass=\"organic-widgets-section organic-widgets-image-slideshow-section\n\t\tstyle-rounded\t\t\t\t\t\t\"\n\t\t>\n\n\t\t\n\t\t\t\t\t\t<div class=\"organic-widgets-flexslider loading\" data-speed=\"4000\" data-transition=\"fade\">\n\n\t\t\t\t<div class=\"preloader\"><\/div>\n\n\t\t\t\t\t\t\t\t<ul class=\"slides\">\n\n\t\t\t\t\n\t\t\t\t\t\t<li class=\"slide\" style=\"background-image:url(https:\/\/www.villancico.re\/wp-content\/uploads\/2024\/10\/Affiche-Villancico-finale-1.jpg)\">\n\n\t\t\t\t\t\t\t\n\t\t\t\t\t\t\t\t\t\t\t\t\t\t<div class=\"organic-widgets-aligner \">\n\n\t\t\t\t\t\t\t\t<div class=\"slide-text\">\n\t\t\t\t\t\t\t\t\t<h4><\/h4>\n\t\t\t\t\t\t\t\t<\/div>\n\n\t\t\t\t\t\t\t\t\t\t\t\t\t\t<\/div>\n\n\t\t\t\t\t\t\t\n\t\t\t\t\t\t\t<div class=\"organic-widgets-hide-img\">\n\t\t\t\t\t\t\t\t<img fetchpriority=\"high\" decoding=\"async\" width=\"1240\" height=\"1753\" src=\"https:\/\/www.villancico.re\/wp-content\/uploads\/2024\/10\/Affiche-Villancico-finale-1.jpg\" class=\"attachment-full size-full\" alt=\"\" srcset=\"https:\/\/www.villancico.re\/wp-content\/uploads\/2024\/10\/Affiche-Villancico-finale-1.jpg 1240w, https:\/\/www.villancico.re\/wp-content\/uploads\/2024\/10\/Affiche-Villancico-finale-1-212x300.jpg 212w, https:\/\/www.villancico.re\/wp-content\/uploads\/2024\/10\/Affiche-Villancico-finale-1-724x1024.jpg 724w, https:\/\/www.villancico.re\/wp-content\/uploads\/2024\/10\/Affiche-Villancico-finale-1-768x1086.jpg 768w, https:\/\/www.villancico.re\/wp-content\/uploads\/2024\/10\/Affiche-Villancico-finale-1-1087x1536.jpg 1087w, https:\/\/www.villancico.re\/wp-content\/uploads\/2024\/10\/Affiche-Villancico-finale-1-453x640.jpg 453w\" sizes=\"(max-width: 1240px) 100vw, 1240px\" \/>\t\t\t\t\t\t\t<\/div>\n\n\t\t\t\t\t\t<\/li>\n\n\t\t\t\t\t\n\t\t\t\t\t\t<li class=\"slide\" style=\"background-image:url(https:\/\/www.villancico.re\/wp-content\/uploads\/2024\/11\/concert-.jpg)\">\n\n\t\t\t\t\t\t\t\n\t\t\t\t\t\t\t\t\t\t\t\t\t\t<div class=\"organic-widgets-aligner \">\n\n\t\t\t\t\t\t\t\t<div class=\"slide-text\">\n\t\t\t\t\t\t\t\t\t<h4><\/h4>\n\t\t\t\t\t\t\t\t<\/div>\n\n\t\t\t\t\t\t\t\t\t\t\t\t\t\t<\/div>\n\n\t\t\t\t\t\t\t\n\t\t\t\t\t\t\t<div class=\"organic-widgets-hide-img\">\n\t\t\t\t\t\t\t\t<img decoding=\"async\" width=\"879\" height=\"848\" src=\"https:\/\/www.villancico.re\/wp-content\/uploads\/2024\/11\/concert-.jpg\" class=\"attachment-full size-full\" alt=\"\" srcset=\"https:\/\/www.villancico.re\/wp-content\/uploads\/2024\/11\/concert-.jpg 879w, https:\/\/www.villancico.re\/wp-content\/uploads\/2024\/11\/concert--300x289.jpg 300w, https:\/\/www.villancico.re\/wp-content\/uploads\/2024\/11\/concert--768x741.jpg 768w, https:\/\/www.villancico.re\/wp-content\/uploads\/2024\/11\/concert--640x617.jpg 640w\" sizes=\"(max-width: 879px) 100vw, 879px\" \/>\t\t\t\t\t\t\t<\/div>\n\n\t\t\t\t\t\t<\/li>\n\n\t\t\t\t\t\n\t\t\t\t\t\t<li class=\"slide\" style=\"background-image:url(https:\/\/www.villancico.re\/wp-content\/uploads\/2024\/10\/Affiche-Villancico-finale-1.jpg)\">\n\n\t\t\t\t\t\t\t\n\t\t\t\t\t\t\t\t\t\t\t\t\t\t<div class=\"organic-widgets-aligner \">\n\n\t\t\t\t\t\t\t\t<div class=\"slide-text\">\n\t\t\t\t\t\t\t\t\t<h4><\/h4>\n\t\t\t\t\t\t\t\t<\/div>\n\n\t\t\t\t\t\t\t\t\t\t\t\t\t\t<\/div>\n\n\t\t\t\t\t\t\t\n\t\t\t\t\t\t\t<div class=\"organic-widgets-hide-img\">\n\t\t\t\t\t\t\t\t<img fetchpriority=\"high\" decoding=\"async\" width=\"1240\" height=\"1753\" src=\"https:\/\/www.villancico.re\/wp-content\/uploads\/2024\/10\/Affiche-Villancico-finale-1.jpg\" class=\"attachment-full size-full\" alt=\"\" srcset=\"https:\/\/www.villancico.re\/wp-content\/uploads\/2024\/10\/Affiche-Villancico-finale-1.jpg 1240w, https:\/\/www.villancico.re\/wp-content\/uploads\/2024\/10\/Affiche-Villancico-finale-1-212x300.jpg 212w, https:\/\/www.villancico.re\/wp-content\/uploads\/2024\/10\/Affiche-Villancico-finale-1-724x1024.jpg 724w, https:\/\/www.villancico.re\/wp-content\/uploads\/2024\/10\/Affiche-Villancico-finale-1-768x1086.jpg 768w, https:\/\/www.villancico.re\/wp-content\/uploads\/2024\/10\/Affiche-Villancico-finale-1-1087x1536.jpg 1087w, https:\/\/www.villancico.re\/wp-content\/uploads\/2024\/10\/Affiche-Villancico-finale-1-453x640.jpg 453w\" sizes=\"(max-width: 1240px) 100vw, 1240px\" \/>\t\t\t\t\t\t\t<\/div>\n\n\t\t\t\t\t\t<\/li>\n\n\t\t\t\t\t\n\t\t\t\t\t\t<li class=\"slide\" style=\"background-image:url(https:\/\/www.villancico.re\/wp-content\/uploads\/2024\/11\/Le-Tampon-le-6-11-24-scaled.jpg)\">\n\n\t\t\t\t\t\t\t<a class=\"slide-link\" href=\"https:\/\/www.villancico.re\/wp-content\/uploads\/2024\/10\/Affiche-Villancico-finale-1.jpg\">\n\t\t\t\t\t\t\t\t\t\t\t\t\t\t<div class=\"organic-widgets-aligner \">\n\n\t\t\t\t\t\t\t\t<div class=\"slide-text\">\n\t\t\t\t\t\t\t\t\t<h4><\/h4>\n\t\t\t\t\t\t\t\t<\/div>\n\n\t\t\t\t\t\t\t\t\t\t\t\t\t\t<\/div>\n\n\t\t\t\t\t\t\t<\/a>\n\t\t\t\t\t\t\t<div class=\"organic-widgets-hide-img\">\n\t\t\t\t\t\t\t\t<img decoding=\"async\" width=\"2560\" height=\"1707\" src=\"https:\/\/www.villancico.re\/wp-content\/uploads\/2024\/11\/Le-Tampon-le-6-11-24-scaled.jpg\" class=\"attachment-full size-full\" alt=\"\" srcset=\"https:\/\/www.villancico.re\/wp-content\/uploads\/2024\/11\/Le-Tampon-le-6-11-24-scaled.jpg 2560w, https:\/\/www.villancico.re\/wp-content\/uploads\/2024\/11\/Le-Tampon-le-6-11-24-300x200.jpg 300w, https:\/\/www.villancico.re\/wp-content\/uploads\/2024\/11\/Le-Tampon-le-6-11-24-1024x683.jpg 1024w, https:\/\/www.villancico.re\/wp-content\/uploads\/2024\/11\/Le-Tampon-le-6-11-24-768x512.jpg 768w, https:\/\/www.villancico.re\/wp-content\/uploads\/2024\/11\/Le-Tampon-le-6-11-24-1536x1024.jpg 1536w, https:\/\/www.villancico.re\/wp-content\/uploads\/2024\/11\/Le-Tampon-le-6-11-24-2048x1365.jpg 2048w, https:\/\/www.villancico.re\/wp-content\/uploads\/2024\/11\/Le-Tampon-le-6-11-24-640x427.jpg 640w\" sizes=\"(max-width: 2560px) 100vw, 2560px\" \/>\t\t\t\t\t\t\t<\/div>\n\n\t\t\t\t\t\t<\/li>\n\n\t\t\t\t\t\n\t\t\t\t\n\t\t\t\t\t\t\t\t<\/ul>\n\n\t\t\t\t\t\t<\/div>\n\n\t\t\n\t\t<\/div>\n\n\t\t<\/div><div id=\"block-7\" class=\"organic-widget widget widget_block\"><\/div>\n\t\t<\/div>\n\n\t\t\n\n\nDepuis plus de 40 ans le Choeur VILLANCICO se r\u00e9unit toutes les semaines autour de son chef Jacques Detan, afin de pr\u00e9parer les oeuvres choisies pour la s\u00e9rie des 5 concerts annuels du choeur.\nLe r\u00e9pertoire abord\u00e9 est plut\u00f4t classique, mais il n&rsquo;est pas besoin de savoir lire la musique pour participer.\nLors des concerts le choeur est accompagn\u00e9 par des musiciens professionnels se constituant en orchestre\nautour de jacques Detan.\nLes choristes r\u00e9p\u00e8tent avec passion, enthousiasme et rigueur, mais ont d\u00e9velopp\u00e9 \u00e9galement un savoir \u00eatre de convivialit\u00e9 et d&rsquo;amiti\u00e9 qui font du choeur une grande famille.\n","protected":false},"excerpt":{"rendered":"<p>Depuis plus de 40 ans le Choeur VILLANCICO se r\u00e9unit toutes les semaines autour de son chef Jacques Detan, afin de pr\u00e9parer les oeuvres choisies pour la s\u00e9rie des 5 concerts annuels du choeur. Le r\u00e9pertoire abord\u00e9 est&#8230; <a class=\"read-more\" href=\"https:\/\/www.villancico.re\/index.php\/2022\/12\/15\/block-test\/\">Read More<\/a><\/p>\n","protected":false},"author":1,"featured_media":0,"comment_status":"closed","ping_status":"closed","sticky":false,"template":"","format":"standard","meta":{"footnotes":""},"categories":[1],"tags":[],"class_list":["post-301","post","type-post","status-publish","format-standard","hentry","category-non-classe"],"yoast_head":"<!-- This site is optimized with the Yoast SEO plugin v26.0 - https:\/\/yoast.com\/wordpress\/plugins\/seo\/ -->\n<title>Le Choeur VILLANCICO - Villancico Choeur \u00eele de la R\u00e9union - Ce site a \u00e9t\u00e9 financ\u00e9 \u00e0 l\u2019aide du FEDER (REACT-UE) dans le cadre de la r\u00e9ponse de l\u2019Union europ\u00e9enne \u00e0 la pand\u00e9mie COVID-19. L\u2019Europe s\u2019engage \u00e0 La R\u00e9union.<\/title>\n<meta name=\"robots\" content=\"noindex, follow\" \/>\n<meta property=\"og:locale\" content=\"fr_FR\" \/>\n<meta property=\"og:type\" content=\"article\" \/>\n<meta property=\"og:title\" content=\"Le Choeur VILLANCICO - Villancico Choeur \u00eele de la R\u00e9union - Ce site a \u00e9t\u00e9 financ\u00e9 \u00e0 l\u2019aide du FEDER (REACT-UE) dans le cadre de la r\u00e9ponse de l\u2019Union europ\u00e9enne \u00e0 la pand\u00e9mie COVID-19. L\u2019Europe s\u2019engage \u00e0 La R\u00e9union.\" \/>\n<meta property=\"og:description\" content=\"Depuis plus de 40 ans le Choeur VILLANCICO se r\u00e9unit toutes les semaines autour de son chef Jacques Detan, afin de pr\u00e9parer les oeuvres choisies pour la s\u00e9rie des 5 concerts annuels du choeur. Le r\u00e9pertoire abord\u00e9 est... Read More\" \/>\n<meta property=\"og:url\" content=\"https:\/\/www.villancico.re\/index.php\/2022\/12\/15\/block-test\/\" \/>\n<meta property=\"og:site_name\" content=\"Villancico Choeur \u00eele de la R\u00e9union - Ce site a \u00e9t\u00e9 financ\u00e9 \u00e0 l\u2019aide du FEDER (REACT-UE) dans le cadre de la r\u00e9ponse de l\u2019Union europ\u00e9enne \u00e0 la pand\u00e9mie COVID-19. L\u2019Europe s\u2019engage \u00e0 La R\u00e9union.\" \/>\n<meta property=\"article:publisher\" content=\"https:\/\/facebook.com\" \/>\n<meta property=\"article:published_time\" content=\"2022-12-15T07:28:35+00:00\" \/>\n<meta property=\"article:modified_time\" content=\"2023-05-22T20:53:29+00:00\" \/>\n<meta name=\"author\" content=\"Villancico\" \/>\n<meta name=\"twitter:card\" content=\"summary_large_image\" \/>\n<meta name=\"twitter:label1\" content=\"\u00c9crit par\" \/>\n\t<meta name=\"twitter:data1\" content=\"Villancico\" \/>\n\t<meta name=\"twitter:label2\" content=\"Dur\u00e9e de lecture estim\u00e9e\" \/>\n\t<meta name=\"twitter:data2\" content=\"1 minute\" \/>\n<script type=\"application\/ld+json\" class=\"yoast-schema-graph\">{\"@context\":\"https:\/\/schema.org\",\"@graph\":[{\"@type\":\"Article\",\"@id\":\"https:\/\/www.villancico.re\/index.php\/2022\/12\/15\/block-test\/#article\",\"isPartOf\":{\"@id\":\"https:\/\/www.villancico.re\/index.php\/2022\/12\/15\/block-test\/\"},\"author\":{\"name\":\"Villancico\",\"@id\":\"https:\/\/www.villancico.re\/#\/schema\/person\/95fc236dcf80cbeca7de7db5c6032e1f\"},\"headline\":\"Le Choeur VILLANCICO\",\"datePublished\":\"2022-12-15T07:28:35+00:00\",\"dateModified\":\"2023-05-22T20:53:29+00:00\",\"mainEntityOfPage\":{\"@id\":\"https:\/\/www.villancico.re\/index.php\/2022\/12\/15\/block-test\/\"},\"wordCount\":106,\"publisher\":{\"@id\":\"https:\/\/www.villancico.re\/#organization\"},\"inLanguage\":\"fr-FR\"},{\"@type\":\"WebPage\",\"@id\":\"https:\/\/www.villancico.re\/index.php\/2022\/12\/15\/block-test\/\",\"url\":\"https:\/\/www.villancico.re\/index.php\/2022\/12\/15\/block-test\/\",\"name\":\"Le Choeur VILLANCICO - Villancico Choeur \u00eele de la R\u00e9union - Ce site a \u00e9t\u00e9 financ\u00e9 \u00e0 l\u2019aide du FEDER (REACT-UE) dans le cadre de la r\u00e9ponse de l\u2019Union europ\u00e9enne \u00e0 la pand\u00e9mie COVID-19. L\u2019Europe s\u2019engage \u00e0 La R\u00e9union.\",\"isPartOf\":{\"@id\":\"https:\/\/www.villancico.re\/#website\"},\"datePublished\":\"2022-12-15T07:28:35+00:00\",\"dateModified\":\"2023-05-22T20:53:29+00:00\",\"breadcrumb\":{\"@id\":\"https:\/\/www.villancico.re\/index.php\/2022\/12\/15\/block-test\/#breadcrumb\"},\"inLanguage\":\"fr-FR\",\"potentialAction\":[{\"@type\":\"ReadAction\",\"target\":[\"https:\/\/www.villancico.re\/index.php\/2022\/12\/15\/block-test\/\"]}]},{\"@type\":\"BreadcrumbList\",\"@id\":\"https:\/\/www.villancico.re\/index.php\/2022\/12\/15\/block-test\/#breadcrumb\",\"itemListElement\":[{\"@type\":\"ListItem\",\"position\":1,\"name\":\"Accueil\",\"item\":\"https:\/\/www.villancico.re\/\"},{\"@type\":\"ListItem\",\"position\":2,\"name\":\"Le Choeur VILLANCICO\"}]},{\"@type\":\"WebSite\",\"@id\":\"https:\/\/www.villancico.re\/#website\",\"url\":\"https:\/\/www.villancico.re\/\",\"name\":\"villancico.re chorale choeur ile de la r\u00e9union 974\",\"description\":\"Ensemble vocal  Villancico\",\"publisher\":{\"@id\":\"https:\/\/www.villancico.re\/#organization\"},\"potentialAction\":[{\"@type\":\"SearchAction\",\"target\":{\"@type\":\"EntryPoint\",\"urlTemplate\":\"https:\/\/www.villancico.re\/?s={search_term_string}\"},\"query-input\":{\"@type\":\"PropertyValueSpecification\",\"valueRequired\":true,\"valueName\":\"search_term_string\"}}],\"inLanguage\":\"fr-FR\"},{\"@type\":\"Organization\",\"@id\":\"https:\/\/www.villancico.re\/#organization\",\"name\":\"villancico.re chorale choeur ile de la r\u00e9union 974\",\"url\":\"https:\/\/www.villancico.re\/\",\"logo\":{\"@type\":\"ImageObject\",\"inLanguage\":\"fr-FR\",\"@id\":\"https:\/\/www.villancico.re\/#\/schema\/logo\/image\/\",\"url\":\"https:\/\/www.villancico.re\/wp-content\/uploads\/2022\/09\/modif-thierry-.png\",\"contentUrl\":\"https:\/\/www.villancico.re\/wp-content\/uploads\/2022\/09\/modif-thierry-.png\",\"width\":400,\"height\":110,\"caption\":\"villancico.re chorale choeur ile de la r\u00e9union 974\"},\"image\":{\"@id\":\"https:\/\/www.villancico.re\/#\/schema\/logo\/image\/\"},\"sameAs\":[\"https:\/\/facebook.com\"]},{\"@type\":\"Person\",\"@id\":\"https:\/\/www.villancico.re\/#\/schema\/person\/95fc236dcf80cbeca7de7db5c6032e1f\",\"name\":\"Villancico\",\"sameAs\":[\"http:\/\/gurevun.cluster031.hosting.ovh.net\"]}]}<\/script>\n<!-- \/ Yoast SEO plugin. -->","yoast_head_json":{"title":"Le Choeur VILLANCICO - Villancico Choeur \u00eele de la R\u00e9union - Ce site a \u00e9t\u00e9 financ\u00e9 \u00e0 l\u2019aide du FEDER (REACT-UE) dans le cadre de la r\u00e9ponse de l\u2019Union europ\u00e9enne \u00e0 la pand\u00e9mie COVID-19. L\u2019Europe s\u2019engage \u00e0 La R\u00e9union.","robots":{"index":"noindex","follow":"follow"},"og_locale":"fr_FR","og_type":"article","og_title":"Le Choeur VILLANCICO - Villancico Choeur \u00eele de la R\u00e9union - Ce site a \u00e9t\u00e9 financ\u00e9 \u00e0 l\u2019aide du FEDER (REACT-UE) dans le cadre de la r\u00e9ponse de l\u2019Union europ\u00e9enne \u00e0 la pand\u00e9mie COVID-19. L\u2019Europe s\u2019engage \u00e0 La R\u00e9union.","og_description":"Depuis plus de 40 ans le Choeur VILLANCICO se r\u00e9unit toutes les semaines autour de son chef Jacques Detan, afin de pr\u00e9parer les oeuvres choisies pour la s\u00e9rie des 5 concerts annuels du choeur. Le r\u00e9pertoire abord\u00e9 est... Read More","og_url":"https:\/\/www.villancico.re\/index.php\/2022\/12\/15\/block-test\/","og_site_name":"Villancico Choeur \u00eele de la R\u00e9union - Ce site a \u00e9t\u00e9 financ\u00e9 \u00e0 l\u2019aide du FEDER (REACT-UE) dans le cadre de la r\u00e9ponse de l\u2019Union europ\u00e9enne \u00e0 la pand\u00e9mie COVID-19. L\u2019Europe s\u2019engage \u00e0 La R\u00e9union.","article_publisher":"https:\/\/facebook.com","article_published_time":"2022-12-15T07:28:35+00:00","article_modified_time":"2023-05-22T20:53:29+00:00","author":"Villancico","twitter_card":"summary_large_image","twitter_misc":{"\u00c9crit par":"Villancico","Dur\u00e9e de lecture estim\u00e9e":"1 minute"},"schema":{"@context":"https:\/\/schema.org","@graph":[{"@type":"Article","@id":"https:\/\/www.villancico.re\/index.php\/2022\/12\/15\/block-test\/#article","isPartOf":{"@id":"https:\/\/www.villancico.re\/index.php\/2022\/12\/15\/block-test\/"},"author":{"name":"Villancico","@id":"https:\/\/www.villancico.re\/#\/schema\/person\/95fc236dcf80cbeca7de7db5c6032e1f"},"headline":"Le Choeur VILLANCICO","datePublished":"2022-12-15T07:28:35+00:00","dateModified":"2023-05-22T20:53:29+00:00","mainEntityOfPage":{"@id":"https:\/\/www.villancico.re\/index.php\/2022\/12\/15\/block-test\/"},"wordCount":106,"publisher":{"@id":"https:\/\/www.villancico.re\/#organization"},"inLanguage":"fr-FR"},{"@type":"WebPage","@id":"https:\/\/www.villancico.re\/index.php\/2022\/12\/15\/block-test\/","url":"https:\/\/www.villancico.re\/index.php\/2022\/12\/15\/block-test\/","name":"Le Choeur VILLANCICO - Villancico Choeur \u00eele de la R\u00e9union - Ce site a \u00e9t\u00e9 financ\u00e9 \u00e0 l\u2019aide du FEDER (REACT-UE) dans le cadre de la r\u00e9ponse de l\u2019Union europ\u00e9enne \u00e0 la pand\u00e9mie COVID-19. L\u2019Europe s\u2019engage \u00e0 La R\u00e9union.","isPartOf":{"@id":"https:\/\/www.villancico.re\/#website"},"datePublished":"2022-12-15T07:28:35+00:00","dateModified":"2023-05-22T20:53:29+00:00","breadcrumb":{"@id":"https:\/\/www.villancico.re\/index.php\/2022\/12\/15\/block-test\/#breadcrumb"},"inLanguage":"fr-FR","potentialAction":[{"@type":"ReadAction","target":["https:\/\/www.villancico.re\/index.php\/2022\/12\/15\/block-test\/"]}]},{"@type":"BreadcrumbList","@id":"https:\/\/www.villancico.re\/index.php\/2022\/12\/15\/block-test\/#breadcrumb","itemListElement":[{"@type":"ListItem","position":1,"name":"Accueil","item":"https:\/\/www.villancico.re\/"},{"@type":"ListItem","position":2,"name":"Le Choeur VILLANCICO"}]},{"@type":"WebSite","@id":"https:\/\/www.villancico.re\/#website","url":"https:\/\/www.villancico.re\/","name":"villancico.re chorale choeur ile de la r\u00e9union 974","description":"Ensemble vocal  Villancico","publisher":{"@id":"https:\/\/www.villancico.re\/#organization"},"potentialAction":[{"@type":"SearchAction","target":{"@type":"EntryPoint","urlTemplate":"https:\/\/www.villancico.re\/?s={search_term_string}"},"query-input":{"@type":"PropertyValueSpecification","valueRequired":true,"valueName":"search_term_string"}}],"inLanguage":"fr-FR"},{"@type":"Organization","@id":"https:\/\/www.villancico.re\/#organization","name":"villancico.re chorale choeur ile de la r\u00e9union 974","url":"https:\/\/www.villancico.re\/","logo":{"@type":"ImageObject","inLanguage":"fr-FR","@id":"https:\/\/www.villancico.re\/#\/schema\/logo\/image\/","url":"https:\/\/www.villancico.re\/wp-content\/uploads\/2022\/09\/modif-thierry-.png","contentUrl":"https:\/\/www.villancico.re\/wp-content\/uploads\/2022\/09\/modif-thierry-.png","width":400,"height":110,"caption":"villancico.re chorale choeur ile de la r\u00e9union 974"},"image":{"@id":"https:\/\/www.villancico.re\/#\/schema\/logo\/image\/"},"sameAs":["https:\/\/facebook.com"]},{"@type":"Person","@id":"https:\/\/www.villancico.re\/#\/schema\/person\/95fc236dcf80cbeca7de7db5c6032e1f","name":"Villancico","sameAs":["http:\/\/gurevun.cluster031.hosting.ovh.net"]}]}},"_links":{"self":[{"href":"https:\/\/www.villancico.re\/index.php\/wp-json\/wp\/v2\/posts\/301","targetHints":{"allow":["GET"]}}],"collection":[{"href":"https:\/\/www.villancico.re\/index.php\/wp-json\/wp\/v2\/posts"}],"about":[{"href":"https:\/\/www.villancico.re\/index.php\/wp-json\/wp\/v2\/types\/post"}],"author":[{"embeddable":true,"href":"https:\/\/www.villancico.re\/index.php\/wp-json\/wp\/v2\/users\/1"}],"replies":[{"embeddable":true,"href":"https:\/\/www.villancico.re\/index.php\/wp-json\/wp\/v2\/comments?post=301"}],"version-history":[{"count":6,"href":"https:\/\/www.villancico.re\/index.php\/wp-json\/wp\/v2\/posts\/301\/revisions"}],"predecessor-version":[{"id":585,"href":"https:\/\/www.villancico.re\/index.php\/wp-json\/wp\/v2\/posts\/301\/revisions\/585"}],"wp:attachment":[{"href":"https:\/\/www.villancico.re\/index.php\/wp-json\/wp\/v2\/media?parent=301"}],"wp:term":[{"taxonomy":"category","embeddable":true,"href":"https:\/\/www.villancico.re\/index.php\/wp-json\/wp\/v2\/categories?post=301"},{"taxonomy":"post_tag","embeddable":true,"href":"https:\/\/www.villancico.re\/index.php\/wp-json\/wp\/v2\/tags?post=301"}],"curies":[{"name":"wp","href":"https:\/\/api.w.org\/{rel}","templated":true}]}}