{"id":35,"date":"2022-09-16T18:42:13","date_gmt":"2022-09-16T14:42:13","guid":{"rendered":"https:\/\/www.villancico.re\/?p=35"},"modified":"2025-10-04T11:42:31","modified_gmt":"2025-10-04T07:42:31","slug":"quoi-de-neuf-chez-nous-chez-nos-amis","status":"publish","type":"post","link":"https:\/\/www.villancico.re\/index.php\/2022\/09\/16\/quoi-de-neuf-chez-nous-chez-nos-amis\/","title":{"rendered":"Quoi de neuf chez nos amis"},"content":{"rendered":"\n<h1 class=\"wp-block-heading\"><\/h1>\n\n\n\n<h3 class=\"wp-block-heading\"><\/h3>\n\n\n\n<figure class=\"wp-block-image size-large\"><img fetchpriority=\"high\" decoding=\"async\" width=\"723\" height=\"1024\" src=\"https:\/\/www.villancico.re\/wp-content\/uploads\/2022\/09\/da0a4ee0-ca22-4782-9ac0-9d2e336d5921-723x1024.jpeg\" alt=\"\" class=\"wp-image-1496\" srcset=\"https:\/\/www.villancico.re\/wp-content\/uploads\/2022\/09\/da0a4ee0-ca22-4782-9ac0-9d2e336d5921-723x1024.jpeg 723w, https:\/\/www.villancico.re\/wp-content\/uploads\/2022\/09\/da0a4ee0-ca22-4782-9ac0-9d2e336d5921-212x300.jpeg 212w, https:\/\/www.villancico.re\/wp-content\/uploads\/2022\/09\/da0a4ee0-ca22-4782-9ac0-9d2e336d5921-452x640.jpeg 452w, https:\/\/www.villancico.re\/wp-content\/uploads\/2022\/09\/da0a4ee0-ca22-4782-9ac0-9d2e336d5921.jpeg 763w\" sizes=\"(max-width: 723px) 100vw, 723px\" \/><\/figure>\n\n\n\n<p><a href=\"https:\/\/www.radiofrance.fr\/francemusique\/podcasts\/les-sagas-musicales\/jean-sebastien-bach-la-dynastie-bach-7230586\" target=\"_blank\" rel=\"noopener\">OUVRIR<\/a><\/p>\n\n\n\n<p>&nbsp;<\/p>\n\n\n<p>\u00a0<\/p>\n<p>\u00a0<\/p>\n\n<\/p>\n<p>\n\n\n<figure class=\"wp-block-image size-large\"><img decoding=\"async\" src=\"https:\/\/www.villancico.re\/wp-content\/uploads\/2025\/05\/affiche-concerts-Choeur-Regional-mai-2025-1-723x1024.jpg\" alt=\"\" class=\"wp-image-1312\"\/><\/figure>\n\n\n\n<hr class=\"wp-block-separator has-alpha-channel-opacity\"\/>\n\n\n\n<p><\/p>\n\n\n<a href=\"https:\/\/www.villancico.re\/wp-content\/uploads\/2025\/10\/Le-Piano-dans-tous-ses-eclats-annee-2025.pdf\" class=\"pdfemb-viewer\" style=\"\" data-width=\"max\" data-height=\"max\" data-toolbar=\"bottom\" data-toolbar-fixed=\"off\">Le-Piano-dans-tous-ses-eclats-annee-2025<\/a>\n\n\n<p><\/p>\n\n\n<h1>\u00a0<\/h1>\n<p>\u00a0<\/p>\n\n\n\n\n\n\n\n\n\n\n\n\n\n\n\n\n\n\n\n\n\n<\/p>\n\n\n<p><\/p>\n","protected":false},"excerpt":{"rendered":"<p>OUVRIR &nbsp; \u00a0 \u00a0 \u00a0 \u00a0<\/p>\n","protected":false},"author":1,"featured_media":1496,"comment_status":"closed","ping_status":"open","sticky":false,"template":"","format":"standard","meta":{"footnotes":""},"categories":[5],"tags":[],"class_list":["post-35","post","type-post","status-publish","format-standard","has-post-thumbnail","hentry","category-actualites"],"yoast_head":"<!-- This site is optimized with the Yoast SEO plugin v26.0 - https:\/\/yoast.com\/wordpress\/plugins\/seo\/ -->\n<title>Quoi de neuf chez nos amis - Villancico Choeur \u00eele de la R\u00e9union - Ce site a \u00e9t\u00e9 financ\u00e9 \u00e0 l\u2019aide du FEDER (REACT-UE) dans le cadre de la r\u00e9ponse de l\u2019Union europ\u00e9enne \u00e0 la pand\u00e9mie COVID-19. L\u2019Europe s\u2019engage \u00e0 La R\u00e9union.<\/title>\n<meta name=\"robots\" content=\"noindex, follow\" \/>\n<meta property=\"og:locale\" content=\"fr_FR\" \/>\n<meta property=\"og:type\" content=\"article\" \/>\n<meta property=\"og:title\" content=\"Quoi de neuf chez nos amis - Villancico Choeur \u00eele de la R\u00e9union - Ce site a \u00e9t\u00e9 financ\u00e9 \u00e0 l\u2019aide du FEDER (REACT-UE) dans le cadre de la r\u00e9ponse de l\u2019Union europ\u00e9enne \u00e0 la pand\u00e9mie COVID-19. L\u2019Europe s\u2019engage \u00e0 La R\u00e9union.\" \/>\n<meta property=\"og:description\" content=\"OUVRIR &nbsp; \u00a0 \u00a0 \u00a0 \u00a0\" \/>\n<meta property=\"og:url\" content=\"https:\/\/www.villancico.re\/index.php\/2022\/09\/16\/quoi-de-neuf-chez-nous-chez-nos-amis\/\" \/>\n<meta property=\"og:site_name\" content=\"Villancico Choeur \u00eele de la R\u00e9union - Ce site a \u00e9t\u00e9 financ\u00e9 \u00e0 l\u2019aide du FEDER (REACT-UE) dans le cadre de la r\u00e9ponse de l\u2019Union europ\u00e9enne \u00e0 la pand\u00e9mie COVID-19. L\u2019Europe s\u2019engage \u00e0 La R\u00e9union.\" \/>\n<meta property=\"article:publisher\" content=\"https:\/\/facebook.com\" \/>\n<meta property=\"article:published_time\" content=\"2022-09-16T14:42:13+00:00\" \/>\n<meta property=\"article:modified_time\" content=\"2025-10-04T07:42:31+00:00\" \/>\n<meta property=\"og:image\" content=\"https:\/\/www.villancico.re\/wp-content\/uploads\/2022\/09\/da0a4ee0-ca22-4782-9ac0-9d2e336d5921.jpeg\" \/>\n\t<meta property=\"og:image:width\" content=\"763\" \/>\n\t<meta property=\"og:image:height\" content=\"1080\" \/>\n\t<meta property=\"og:image:type\" content=\"image\/jpeg\" \/>\n<meta name=\"author\" content=\"Villancico\" \/>\n<meta name=\"twitter:card\" content=\"summary_large_image\" \/>\n<meta name=\"twitter:label1\" content=\"\u00c9crit par\" \/>\n\t<meta name=\"twitter:data1\" content=\"Villancico\" \/>\n\t<meta name=\"twitter:label2\" content=\"Dur\u00e9e de lecture estim\u00e9e\" \/>\n\t<meta name=\"twitter:data2\" content=\"1 minute\" \/>\n<script type=\"application\/ld+json\" class=\"yoast-schema-graph\">{\"@context\":\"https:\/\/schema.org\",\"@graph\":[{\"@type\":\"Article\",\"@id\":\"https:\/\/www.villancico.re\/index.php\/2022\/09\/16\/quoi-de-neuf-chez-nous-chez-nos-amis\/#article\",\"isPartOf\":{\"@id\":\"https:\/\/www.villancico.re\/index.php\/2022\/09\/16\/quoi-de-neuf-chez-nous-chez-nos-amis\/\"},\"author\":{\"name\":\"Villancico\",\"@id\":\"https:\/\/www.villancico.re\/#\/schema\/person\/95fc236dcf80cbeca7de7db5c6032e1f\"},\"headline\":\"Quoi de neuf chez nos amis\",\"datePublished\":\"2022-09-16T14:42:13+00:00\",\"dateModified\":\"2025-10-04T07:42:31+00:00\",\"mainEntityOfPage\":{\"@id\":\"https:\/\/www.villancico.re\/index.php\/2022\/09\/16\/quoi-de-neuf-chez-nous-chez-nos-amis\/\"},\"wordCount\":8,\"publisher\":{\"@id\":\"https:\/\/www.villancico.re\/#organization\"},\"image\":{\"@id\":\"https:\/\/www.villancico.re\/index.php\/2022\/09\/16\/quoi-de-neuf-chez-nous-chez-nos-amis\/#primaryimage\"},\"thumbnailUrl\":\"https:\/\/www.villancico.re\/wp-content\/uploads\/2022\/09\/da0a4ee0-ca22-4782-9ac0-9d2e336d5921.jpeg\",\"articleSection\":[\"Actualit\u00e9s\"],\"inLanguage\":\"fr-FR\"},{\"@type\":\"WebPage\",\"@id\":\"https:\/\/www.villancico.re\/index.php\/2022\/09\/16\/quoi-de-neuf-chez-nous-chez-nos-amis\/\",\"url\":\"https:\/\/www.villancico.re\/index.php\/2022\/09\/16\/quoi-de-neuf-chez-nous-chez-nos-amis\/\",\"name\":\"Quoi de neuf chez nos amis - Villancico Choeur \u00eele de la R\u00e9union - Ce site a \u00e9t\u00e9 financ\u00e9 \u00e0 l\u2019aide du FEDER (REACT-UE) dans le cadre de la r\u00e9ponse de l\u2019Union europ\u00e9enne \u00e0 la pand\u00e9mie COVID-19. L\u2019Europe s\u2019engage \u00e0 La R\u00e9union.\",\"isPartOf\":{\"@id\":\"https:\/\/www.villancico.re\/#website\"},\"primaryImageOfPage\":{\"@id\":\"https:\/\/www.villancico.re\/index.php\/2022\/09\/16\/quoi-de-neuf-chez-nous-chez-nos-amis\/#primaryimage\"},\"image\":{\"@id\":\"https:\/\/www.villancico.re\/index.php\/2022\/09\/16\/quoi-de-neuf-chez-nous-chez-nos-amis\/#primaryimage\"},\"thumbnailUrl\":\"https:\/\/www.villancico.re\/wp-content\/uploads\/2022\/09\/da0a4ee0-ca22-4782-9ac0-9d2e336d5921.jpeg\",\"datePublished\":\"2022-09-16T14:42:13+00:00\",\"dateModified\":\"2025-10-04T07:42:31+00:00\",\"breadcrumb\":{\"@id\":\"https:\/\/www.villancico.re\/index.php\/2022\/09\/16\/quoi-de-neuf-chez-nous-chez-nos-amis\/#breadcrumb\"},\"inLanguage\":\"fr-FR\",\"potentialAction\":[{\"@type\":\"ReadAction\",\"target\":[\"https:\/\/www.villancico.re\/index.php\/2022\/09\/16\/quoi-de-neuf-chez-nous-chez-nos-amis\/\"]}]},{\"@type\":\"ImageObject\",\"inLanguage\":\"fr-FR\",\"@id\":\"https:\/\/www.villancico.re\/index.php\/2022\/09\/16\/quoi-de-neuf-chez-nous-chez-nos-amis\/#primaryimage\",\"url\":\"https:\/\/www.villancico.re\/wp-content\/uploads\/2022\/09\/da0a4ee0-ca22-4782-9ac0-9d2e336d5921.jpeg\",\"contentUrl\":\"https:\/\/www.villancico.re\/wp-content\/uploads\/2022\/09\/da0a4ee0-ca22-4782-9ac0-9d2e336d5921.jpeg\",\"width\":763,\"height\":1080},{\"@type\":\"BreadcrumbList\",\"@id\":\"https:\/\/www.villancico.re\/index.php\/2022\/09\/16\/quoi-de-neuf-chez-nous-chez-nos-amis\/#breadcrumb\",\"itemListElement\":[{\"@type\":\"ListItem\",\"position\":1,\"name\":\"Accueil\",\"item\":\"https:\/\/www.villancico.re\/\"},{\"@type\":\"ListItem\",\"position\":2,\"name\":\"Quoi de neuf chez nos amis\"}]},{\"@type\":\"WebSite\",\"@id\":\"https:\/\/www.villancico.re\/#website\",\"url\":\"https:\/\/www.villancico.re\/\",\"name\":\"villancico.re chorale choeur ile de la r\u00e9union 974\",\"description\":\"Ensemble vocal  Villancico\",\"publisher\":{\"@id\":\"https:\/\/www.villancico.re\/#organization\"},\"potentialAction\":[{\"@type\":\"SearchAction\",\"target\":{\"@type\":\"EntryPoint\",\"urlTemplate\":\"https:\/\/www.villancico.re\/?s={search_term_string}\"},\"query-input\":{\"@type\":\"PropertyValueSpecification\",\"valueRequired\":true,\"valueName\":\"search_term_string\"}}],\"inLanguage\":\"fr-FR\"},{\"@type\":\"Organization\",\"@id\":\"https:\/\/www.villancico.re\/#organization\",\"name\":\"villancico.re chorale choeur ile de la r\u00e9union 974\",\"url\":\"https:\/\/www.villancico.re\/\",\"logo\":{\"@type\":\"ImageObject\",\"inLanguage\":\"fr-FR\",\"@id\":\"https:\/\/www.villancico.re\/#\/schema\/logo\/image\/\",\"url\":\"https:\/\/www.villancico.re\/wp-content\/uploads\/2022\/09\/modif-thierry-.png\",\"contentUrl\":\"https:\/\/www.villancico.re\/wp-content\/uploads\/2022\/09\/modif-thierry-.png\",\"width\":400,\"height\":110,\"caption\":\"villancico.re chorale choeur ile de la r\u00e9union 974\"},\"image\":{\"@id\":\"https:\/\/www.villancico.re\/#\/schema\/logo\/image\/\"},\"sameAs\":[\"https:\/\/facebook.com\"]},{\"@type\":\"Person\",\"@id\":\"https:\/\/www.villancico.re\/#\/schema\/person\/95fc236dcf80cbeca7de7db5c6032e1f\",\"name\":\"Villancico\",\"sameAs\":[\"http:\/\/gurevun.cluster031.hosting.ovh.net\"]}]}<\/script>\n<!-- \/ Yoast SEO plugin. -->","yoast_head_json":{"title":"Quoi de neuf chez nos amis - Villancico Choeur \u00eele de la R\u00e9union - Ce site a \u00e9t\u00e9 financ\u00e9 \u00e0 l\u2019aide du FEDER (REACT-UE) dans le cadre de la r\u00e9ponse de l\u2019Union europ\u00e9enne \u00e0 la pand\u00e9mie COVID-19. L\u2019Europe s\u2019engage \u00e0 La R\u00e9union.","robots":{"index":"noindex","follow":"follow"},"og_locale":"fr_FR","og_type":"article","og_title":"Quoi de neuf chez nos amis - Villancico Choeur \u00eele de la R\u00e9union - Ce site a \u00e9t\u00e9 financ\u00e9 \u00e0 l\u2019aide du FEDER (REACT-UE) dans le cadre de la r\u00e9ponse de l\u2019Union europ\u00e9enne \u00e0 la pand\u00e9mie COVID-19. L\u2019Europe s\u2019engage \u00e0 La R\u00e9union.","og_description":"OUVRIR &nbsp; \u00a0 \u00a0 \u00a0 \u00a0","og_url":"https:\/\/www.villancico.re\/index.php\/2022\/09\/16\/quoi-de-neuf-chez-nous-chez-nos-amis\/","og_site_name":"Villancico Choeur \u00eele de la R\u00e9union - Ce site a \u00e9t\u00e9 financ\u00e9 \u00e0 l\u2019aide du FEDER (REACT-UE) dans le cadre de la r\u00e9ponse de l\u2019Union europ\u00e9enne \u00e0 la pand\u00e9mie COVID-19. L\u2019Europe s\u2019engage \u00e0 La R\u00e9union.","article_publisher":"https:\/\/facebook.com","article_published_time":"2022-09-16T14:42:13+00:00","article_modified_time":"2025-10-04T07:42:31+00:00","og_image":[{"width":763,"height":1080,"url":"https:\/\/www.villancico.re\/wp-content\/uploads\/2022\/09\/da0a4ee0-ca22-4782-9ac0-9d2e336d5921.jpeg","type":"image\/jpeg"}],"author":"Villancico","twitter_card":"summary_large_image","twitter_misc":{"\u00c9crit par":"Villancico","Dur\u00e9e de lecture estim\u00e9e":"1 minute"},"schema":{"@context":"https:\/\/schema.org","@graph":[{"@type":"Article","@id":"https:\/\/www.villancico.re\/index.php\/2022\/09\/16\/quoi-de-neuf-chez-nous-chez-nos-amis\/#article","isPartOf":{"@id":"https:\/\/www.villancico.re\/index.php\/2022\/09\/16\/quoi-de-neuf-chez-nous-chez-nos-amis\/"},"author":{"name":"Villancico","@id":"https:\/\/www.villancico.re\/#\/schema\/person\/95fc236dcf80cbeca7de7db5c6032e1f"},"headline":"Quoi de neuf chez nos amis","datePublished":"2022-09-16T14:42:13+00:00","dateModified":"2025-10-04T07:42:31+00:00","mainEntityOfPage":{"@id":"https:\/\/www.villancico.re\/index.php\/2022\/09\/16\/quoi-de-neuf-chez-nous-chez-nos-amis\/"},"wordCount":8,"publisher":{"@id":"https:\/\/www.villancico.re\/#organization"},"image":{"@id":"https:\/\/www.villancico.re\/index.php\/2022\/09\/16\/quoi-de-neuf-chez-nous-chez-nos-amis\/#primaryimage"},"thumbnailUrl":"https:\/\/www.villancico.re\/wp-content\/uploads\/2022\/09\/da0a4ee0-ca22-4782-9ac0-9d2e336d5921.jpeg","articleSection":["Actualit\u00e9s"],"inLanguage":"fr-FR"},{"@type":"WebPage","@id":"https:\/\/www.villancico.re\/index.php\/2022\/09\/16\/quoi-de-neuf-chez-nous-chez-nos-amis\/","url":"https:\/\/www.villancico.re\/index.php\/2022\/09\/16\/quoi-de-neuf-chez-nous-chez-nos-amis\/","name":"Quoi de neuf chez nos amis - Villancico Choeur \u00eele de la R\u00e9union - Ce site a \u00e9t\u00e9 financ\u00e9 \u00e0 l\u2019aide du FEDER (REACT-UE) dans le cadre de la r\u00e9ponse de l\u2019Union europ\u00e9enne \u00e0 la pand\u00e9mie COVID-19. L\u2019Europe s\u2019engage \u00e0 La R\u00e9union.","isPartOf":{"@id":"https:\/\/www.villancico.re\/#website"},"primaryImageOfPage":{"@id":"https:\/\/www.villancico.re\/index.php\/2022\/09\/16\/quoi-de-neuf-chez-nous-chez-nos-amis\/#primaryimage"},"image":{"@id":"https:\/\/www.villancico.re\/index.php\/2022\/09\/16\/quoi-de-neuf-chez-nous-chez-nos-amis\/#primaryimage"},"thumbnailUrl":"https:\/\/www.villancico.re\/wp-content\/uploads\/2022\/09\/da0a4ee0-ca22-4782-9ac0-9d2e336d5921.jpeg","datePublished":"2022-09-16T14:42:13+00:00","dateModified":"2025-10-04T07:42:31+00:00","breadcrumb":{"@id":"https:\/\/www.villancico.re\/index.php\/2022\/09\/16\/quoi-de-neuf-chez-nous-chez-nos-amis\/#breadcrumb"},"inLanguage":"fr-FR","potentialAction":[{"@type":"ReadAction","target":["https:\/\/www.villancico.re\/index.php\/2022\/09\/16\/quoi-de-neuf-chez-nous-chez-nos-amis\/"]}]},{"@type":"ImageObject","inLanguage":"fr-FR","@id":"https:\/\/www.villancico.re\/index.php\/2022\/09\/16\/quoi-de-neuf-chez-nous-chez-nos-amis\/#primaryimage","url":"https:\/\/www.villancico.re\/wp-content\/uploads\/2022\/09\/da0a4ee0-ca22-4782-9ac0-9d2e336d5921.jpeg","contentUrl":"https:\/\/www.villancico.re\/wp-content\/uploads\/2022\/09\/da0a4ee0-ca22-4782-9ac0-9d2e336d5921.jpeg","width":763,"height":1080},{"@type":"BreadcrumbList","@id":"https:\/\/www.villancico.re\/index.php\/2022\/09\/16\/quoi-de-neuf-chez-nous-chez-nos-amis\/#breadcrumb","itemListElement":[{"@type":"ListItem","position":1,"name":"Accueil","item":"https:\/\/www.villancico.re\/"},{"@type":"ListItem","position":2,"name":"Quoi de neuf chez nos amis"}]},{"@type":"WebSite","@id":"https:\/\/www.villancico.re\/#website","url":"https:\/\/www.villancico.re\/","name":"villancico.re chorale choeur ile de la r\u00e9union 974","description":"Ensemble vocal  Villancico","publisher":{"@id":"https:\/\/www.villancico.re\/#organization"},"potentialAction":[{"@type":"SearchAction","target":{"@type":"EntryPoint","urlTemplate":"https:\/\/www.villancico.re\/?s={search_term_string}"},"query-input":{"@type":"PropertyValueSpecification","valueRequired":true,"valueName":"search_term_string"}}],"inLanguage":"fr-FR"},{"@type":"Organization","@id":"https:\/\/www.villancico.re\/#organization","name":"villancico.re chorale choeur ile de la r\u00e9union 974","url":"https:\/\/www.villancico.re\/","logo":{"@type":"ImageObject","inLanguage":"fr-FR","@id":"https:\/\/www.villancico.re\/#\/schema\/logo\/image\/","url":"https:\/\/www.villancico.re\/wp-content\/uploads\/2022\/09\/modif-thierry-.png","contentUrl":"https:\/\/www.villancico.re\/wp-content\/uploads\/2022\/09\/modif-thierry-.png","width":400,"height":110,"caption":"villancico.re chorale choeur ile de la r\u00e9union 974"},"image":{"@id":"https:\/\/www.villancico.re\/#\/schema\/logo\/image\/"},"sameAs":["https:\/\/facebook.com"]},{"@type":"Person","@id":"https:\/\/www.villancico.re\/#\/schema\/person\/95fc236dcf80cbeca7de7db5c6032e1f","name":"Villancico","sameAs":["http:\/\/gurevun.cluster031.hosting.ovh.net"]}]}},"_links":{"self":[{"href":"https:\/\/www.villancico.re\/index.php\/wp-json\/wp\/v2\/posts\/35","targetHints":{"allow":["GET"]}}],"collection":[{"href":"https:\/\/www.villancico.re\/index.php\/wp-json\/wp\/v2\/posts"}],"about":[{"href":"https:\/\/www.villancico.re\/index.php\/wp-json\/wp\/v2\/types\/post"}],"author":[{"embeddable":true,"href":"https:\/\/www.villancico.re\/index.php\/wp-json\/wp\/v2\/users\/1"}],"replies":[{"embeddable":true,"href":"https:\/\/www.villancico.re\/index.php\/wp-json\/wp\/v2\/comments?post=35"}],"version-history":[{"count":31,"href":"https:\/\/www.villancico.re\/index.php\/wp-json\/wp\/v2\/posts\/35\/revisions"}],"predecessor-version":[{"id":1499,"href":"https:\/\/www.villancico.re\/index.php\/wp-json\/wp\/v2\/posts\/35\/revisions\/1499"}],"wp:featuredmedia":[{"embeddable":true,"href":"https:\/\/www.villancico.re\/index.php\/wp-json\/wp\/v2\/media\/1496"}],"wp:attachment":[{"href":"https:\/\/www.villancico.re\/index.php\/wp-json\/wp\/v2\/media?parent=35"}],"wp:term":[{"taxonomy":"category","embeddable":true,"href":"https:\/\/www.villancico.re\/index.php\/wp-json\/wp\/v2\/categories?post=35"},{"taxonomy":"post_tag","embeddable":true,"href":"https:\/\/www.villancico.re\/index.php\/wp-json\/wp\/v2\/tags?post=35"}],"curies":[{"name":"wp","href":"https:\/\/api.w.org\/{rel}","templated":true}]}}