{"id":36,"date":"2022-09-16T18:41:57","date_gmt":"2022-09-16T14:41:57","guid":{"rendered":"https:\/\/www.villancico.re\/?p=36"},"modified":"2023-03-03T11:18:00","modified_gmt":"2023-03-03T07:18:00","slug":"rejoignez-nous","status":"publish","type":"post","link":"https:\/\/www.villancico.re\/index.php\/2022\/09\/16\/rejoignez-nous\/","title":{"rendered":"Rejoignez nous !"},"content":{"rendered":"\n<p><\/p>\n\n\n\n<ul class=\"wp-block-list\"><li>Si vous aimez chanter tout en partageant une aventure humaine avec d\u2019autres passionn\u00e9s,<\/li><li>Si vous avez envie de d\u00e9velopper vos capacit\u00e9s vocales dans un environnement bienveillant,<\/li><li>Si vous souhaitez profiter des bienfaits du chant choral\u00a0: r\u00e9duire le stress, d\u00e9velopper son oreille musicale et ouvrir son esprit en s\u2019int\u00e9grant \u00e0 un groupe amical,<\/li><\/ul>\n\n\n\n<p>vous serez les bienvenus dans notre chorale qui se r\u00e9unit tous les mercredis, \u00e0 l\u2019\u00e9cole Antoine Lucas au centre-ville du Tampon de 18h15 \u00e0 20h30.<\/p>\n\n\n\n<p>Aucune audition n&rsquo;est demand\u00e9e, la lecture de la musique n\u2019est pas indispensable. <\/p>\n\n\n\n<p>Nos r\u00e9p\u00e9titions du mercredi ne sont pas un cours au sens strict du mot mais le travail d&rsquo;une \u0153uvre qui sera pr\u00e9sent\u00e9e lors d\u2019une s\u00e9rie de concerts sur toute l\u2019\u00eele. Nous recrutons des choristes, m\u00eame d\u00e9butants, d\u00e9sireux de participer \u00e0 l\u2019ensemble des activit\u00e9s du ch\u0153ur\u00a0: r\u00e9p\u00e9titions, concerts et collaboration avec d\u2019autres ensembles.<\/p>\n\n\n\n<p>Pour tout renseignement, nous serons heureux de r\u00e9pondre \u00e0 vos questions au 06 93 92 25 14.<\/p>\n","protected":false},"excerpt":{"rendered":"<p>Si vous aimez chanter tout en partageant une aventure humaine avec d\u2019autres passionn\u00e9s, Si vous avez envie de d\u00e9velopper vos capacit\u00e9s vocales dans un environnement bienveillant, Si vous souhaitez profiter des bienfaits du chant choral\u00a0: r\u00e9duire le stress,&#8230; <a class=\"read-more\" href=\"https:\/\/www.villancico.re\/index.php\/2022\/09\/16\/rejoignez-nous\/\">Read More<\/a><\/p>\n","protected":false},"author":1,"featured_media":168,"comment_status":"closed","ping_status":"open","sticky":false,"template":"","format":"standard","meta":{"footnotes":""},"categories":[5],"tags":[],"class_list":["post-36","post","type-post","status-publish","format-standard","has-post-thumbnail","hentry","category-actualites"],"yoast_head":"<!-- This site is optimized with the Yoast SEO plugin v26.0 - https:\/\/yoast.com\/wordpress\/plugins\/seo\/ -->\n<title>Rejoignez nous ! - Villancico Choeur \u00eele de la R\u00e9union - Ce site a \u00e9t\u00e9 financ\u00e9 \u00e0 l\u2019aide du FEDER (REACT-UE) dans le cadre de la r\u00e9ponse de l\u2019Union europ\u00e9enne \u00e0 la pand\u00e9mie COVID-19. L\u2019Europe s\u2019engage \u00e0 La R\u00e9union.<\/title>\n<meta name=\"robots\" content=\"noindex, follow\" \/>\n<meta property=\"og:locale\" content=\"fr_FR\" \/>\n<meta property=\"og:type\" content=\"article\" \/>\n<meta property=\"og:title\" content=\"Rejoignez nous ! - Villancico Choeur \u00eele de la R\u00e9union - Ce site a \u00e9t\u00e9 financ\u00e9 \u00e0 l\u2019aide du FEDER (REACT-UE) dans le cadre de la r\u00e9ponse de l\u2019Union europ\u00e9enne \u00e0 la pand\u00e9mie COVID-19. L\u2019Europe s\u2019engage \u00e0 La R\u00e9union.\" \/>\n<meta property=\"og:description\" content=\"Si vous aimez chanter tout en partageant une aventure humaine avec d\u2019autres passionn\u00e9s, Si vous avez envie de d\u00e9velopper vos capacit\u00e9s vocales dans un environnement bienveillant, Si vous souhaitez profiter des bienfaits du chant choral\u00a0: r\u00e9duire le stress,... Read More\" \/>\n<meta property=\"og:url\" content=\"https:\/\/www.villancico.re\/index.php\/2022\/09\/16\/rejoignez-nous\/\" \/>\n<meta property=\"og:site_name\" content=\"Villancico Choeur \u00eele de la R\u00e9union - Ce site a \u00e9t\u00e9 financ\u00e9 \u00e0 l\u2019aide du FEDER (REACT-UE) dans le cadre de la r\u00e9ponse de l\u2019Union europ\u00e9enne \u00e0 la pand\u00e9mie COVID-19. L\u2019Europe s\u2019engage \u00e0 La R\u00e9union.\" \/>\n<meta property=\"article:publisher\" content=\"https:\/\/facebook.com\" \/>\n<meta property=\"article:published_time\" content=\"2022-09-16T14:41:57+00:00\" \/>\n<meta property=\"article:modified_time\" content=\"2023-03-03T07:18:00+00:00\" \/>\n<meta property=\"og:image\" content=\"https:\/\/www.villancico.re\/wp-content\/uploads\/2022\/09\/violins-1838390_1920.jpg\" \/>\n\t<meta property=\"og:image:width\" content=\"1920\" \/>\n\t<meta property=\"og:image:height\" content=\"1281\" \/>\n\t<meta property=\"og:image:type\" content=\"image\/jpeg\" \/>\n<meta name=\"author\" content=\"Villancico\" \/>\n<meta name=\"twitter:card\" content=\"summary_large_image\" \/>\n<meta name=\"twitter:label1\" content=\"\u00c9crit par\" \/>\n\t<meta name=\"twitter:data1\" content=\"Villancico\" \/>\n\t<meta name=\"twitter:label2\" content=\"Dur\u00e9e de lecture estim\u00e9e\" \/>\n\t<meta name=\"twitter:data2\" content=\"1 minute\" \/>\n<script type=\"application\/ld+json\" class=\"yoast-schema-graph\">{\"@context\":\"https:\/\/schema.org\",\"@graph\":[{\"@type\":\"Article\",\"@id\":\"https:\/\/www.villancico.re\/index.php\/2022\/09\/16\/rejoignez-nous\/#article\",\"isPartOf\":{\"@id\":\"https:\/\/www.villancico.re\/index.php\/2022\/09\/16\/rejoignez-nous\/\"},\"author\":{\"name\":\"Villancico\",\"@id\":\"https:\/\/www.villancico.re\/#\/schema\/person\/95fc236dcf80cbeca7de7db5c6032e1f\"},\"headline\":\"Rejoignez nous !\",\"datePublished\":\"2022-09-16T14:41:57+00:00\",\"dateModified\":\"2023-03-03T07:18:00+00:00\",\"mainEntityOfPage\":{\"@id\":\"https:\/\/www.villancico.re\/index.php\/2022\/09\/16\/rejoignez-nous\/\"},\"wordCount\":179,\"publisher\":{\"@id\":\"https:\/\/www.villancico.re\/#organization\"},\"image\":{\"@id\":\"https:\/\/www.villancico.re\/index.php\/2022\/09\/16\/rejoignez-nous\/#primaryimage\"},\"thumbnailUrl\":\"https:\/\/www.villancico.re\/wp-content\/uploads\/2022\/09\/violins-1838390_1920.jpg\",\"articleSection\":[\"Actualit\u00e9s\"],\"inLanguage\":\"fr-FR\"},{\"@type\":\"WebPage\",\"@id\":\"https:\/\/www.villancico.re\/index.php\/2022\/09\/16\/rejoignez-nous\/\",\"url\":\"https:\/\/www.villancico.re\/index.php\/2022\/09\/16\/rejoignez-nous\/\",\"name\":\"Rejoignez nous ! - Villancico Choeur \u00eele de la R\u00e9union - Ce site a \u00e9t\u00e9 financ\u00e9 \u00e0 l\u2019aide du FEDER (REACT-UE) dans le cadre de la r\u00e9ponse de l\u2019Union europ\u00e9enne \u00e0 la pand\u00e9mie COVID-19. L\u2019Europe s\u2019engage \u00e0 La R\u00e9union.\",\"isPartOf\":{\"@id\":\"https:\/\/www.villancico.re\/#website\"},\"primaryImageOfPage\":{\"@id\":\"https:\/\/www.villancico.re\/index.php\/2022\/09\/16\/rejoignez-nous\/#primaryimage\"},\"image\":{\"@id\":\"https:\/\/www.villancico.re\/index.php\/2022\/09\/16\/rejoignez-nous\/#primaryimage\"},\"thumbnailUrl\":\"https:\/\/www.villancico.re\/wp-content\/uploads\/2022\/09\/violins-1838390_1920.jpg\",\"datePublished\":\"2022-09-16T14:41:57+00:00\",\"dateModified\":\"2023-03-03T07:18:00+00:00\",\"breadcrumb\":{\"@id\":\"https:\/\/www.villancico.re\/index.php\/2022\/09\/16\/rejoignez-nous\/#breadcrumb\"},\"inLanguage\":\"fr-FR\",\"potentialAction\":[{\"@type\":\"ReadAction\",\"target\":[\"https:\/\/www.villancico.re\/index.php\/2022\/09\/16\/rejoignez-nous\/\"]}]},{\"@type\":\"ImageObject\",\"inLanguage\":\"fr-FR\",\"@id\":\"https:\/\/www.villancico.re\/index.php\/2022\/09\/16\/rejoignez-nous\/#primaryimage\",\"url\":\"https:\/\/www.villancico.re\/wp-content\/uploads\/2022\/09\/violins-1838390_1920.jpg\",\"contentUrl\":\"https:\/\/www.villancico.re\/wp-content\/uploads\/2022\/09\/violins-1838390_1920.jpg\",\"width\":1920,\"height\":1281},{\"@type\":\"BreadcrumbList\",\"@id\":\"https:\/\/www.villancico.re\/index.php\/2022\/09\/16\/rejoignez-nous\/#breadcrumb\",\"itemListElement\":[{\"@type\":\"ListItem\",\"position\":1,\"name\":\"Accueil\",\"item\":\"https:\/\/www.villancico.re\/\"},{\"@type\":\"ListItem\",\"position\":2,\"name\":\"Rejoignez nous !\"}]},{\"@type\":\"WebSite\",\"@id\":\"https:\/\/www.villancico.re\/#website\",\"url\":\"https:\/\/www.villancico.re\/\",\"name\":\"villancico.re chorale choeur ile de la r\u00e9union 974\",\"description\":\"Ensemble vocal  Villancico\",\"publisher\":{\"@id\":\"https:\/\/www.villancico.re\/#organization\"},\"potentialAction\":[{\"@type\":\"SearchAction\",\"target\":{\"@type\":\"EntryPoint\",\"urlTemplate\":\"https:\/\/www.villancico.re\/?s={search_term_string}\"},\"query-input\":{\"@type\":\"PropertyValueSpecification\",\"valueRequired\":true,\"valueName\":\"search_term_string\"}}],\"inLanguage\":\"fr-FR\"},{\"@type\":\"Organization\",\"@id\":\"https:\/\/www.villancico.re\/#organization\",\"name\":\"villancico.re chorale choeur ile de la r\u00e9union 974\",\"url\":\"https:\/\/www.villancico.re\/\",\"logo\":{\"@type\":\"ImageObject\",\"inLanguage\":\"fr-FR\",\"@id\":\"https:\/\/www.villancico.re\/#\/schema\/logo\/image\/\",\"url\":\"https:\/\/www.villancico.re\/wp-content\/uploads\/2022\/09\/modif-thierry-.png\",\"contentUrl\":\"https:\/\/www.villancico.re\/wp-content\/uploads\/2022\/09\/modif-thierry-.png\",\"width\":400,\"height\":110,\"caption\":\"villancico.re chorale choeur ile de la r\u00e9union 974\"},\"image\":{\"@id\":\"https:\/\/www.villancico.re\/#\/schema\/logo\/image\/\"},\"sameAs\":[\"https:\/\/facebook.com\"]},{\"@type\":\"Person\",\"@id\":\"https:\/\/www.villancico.re\/#\/schema\/person\/95fc236dcf80cbeca7de7db5c6032e1f\",\"name\":\"Villancico\",\"sameAs\":[\"http:\/\/gurevun.cluster031.hosting.ovh.net\"]}]}<\/script>\n<!-- \/ Yoast SEO plugin. -->","yoast_head_json":{"title":"Rejoignez nous ! - Villancico Choeur \u00eele de la R\u00e9union - Ce site a \u00e9t\u00e9 financ\u00e9 \u00e0 l\u2019aide du FEDER (REACT-UE) dans le cadre de la r\u00e9ponse de l\u2019Union europ\u00e9enne \u00e0 la pand\u00e9mie COVID-19. L\u2019Europe s\u2019engage \u00e0 La R\u00e9union.","robots":{"index":"noindex","follow":"follow"},"og_locale":"fr_FR","og_type":"article","og_title":"Rejoignez nous ! - Villancico Choeur \u00eele de la R\u00e9union - Ce site a \u00e9t\u00e9 financ\u00e9 \u00e0 l\u2019aide du FEDER (REACT-UE) dans le cadre de la r\u00e9ponse de l\u2019Union europ\u00e9enne \u00e0 la pand\u00e9mie COVID-19. L\u2019Europe s\u2019engage \u00e0 La R\u00e9union.","og_description":"Si vous aimez chanter tout en partageant une aventure humaine avec d\u2019autres passionn\u00e9s, Si vous avez envie de d\u00e9velopper vos capacit\u00e9s vocales dans un environnement bienveillant, Si vous souhaitez profiter des bienfaits du chant choral\u00a0: r\u00e9duire le stress,... Read More","og_url":"https:\/\/www.villancico.re\/index.php\/2022\/09\/16\/rejoignez-nous\/","og_site_name":"Villancico Choeur \u00eele de la R\u00e9union - Ce site a \u00e9t\u00e9 financ\u00e9 \u00e0 l\u2019aide du FEDER (REACT-UE) dans le cadre de la r\u00e9ponse de l\u2019Union europ\u00e9enne \u00e0 la pand\u00e9mie COVID-19. L\u2019Europe s\u2019engage \u00e0 La R\u00e9union.","article_publisher":"https:\/\/facebook.com","article_published_time":"2022-09-16T14:41:57+00:00","article_modified_time":"2023-03-03T07:18:00+00:00","og_image":[{"width":1920,"height":1281,"url":"https:\/\/www.villancico.re\/wp-content\/uploads\/2022\/09\/violins-1838390_1920.jpg","type":"image\/jpeg"}],"author":"Villancico","twitter_card":"summary_large_image","twitter_misc":{"\u00c9crit par":"Villancico","Dur\u00e9e de lecture estim\u00e9e":"1 minute"},"schema":{"@context":"https:\/\/schema.org","@graph":[{"@type":"Article","@id":"https:\/\/www.villancico.re\/index.php\/2022\/09\/16\/rejoignez-nous\/#article","isPartOf":{"@id":"https:\/\/www.villancico.re\/index.php\/2022\/09\/16\/rejoignez-nous\/"},"author":{"name":"Villancico","@id":"https:\/\/www.villancico.re\/#\/schema\/person\/95fc236dcf80cbeca7de7db5c6032e1f"},"headline":"Rejoignez nous !","datePublished":"2022-09-16T14:41:57+00:00","dateModified":"2023-03-03T07:18:00+00:00","mainEntityOfPage":{"@id":"https:\/\/www.villancico.re\/index.php\/2022\/09\/16\/rejoignez-nous\/"},"wordCount":179,"publisher":{"@id":"https:\/\/www.villancico.re\/#organization"},"image":{"@id":"https:\/\/www.villancico.re\/index.php\/2022\/09\/16\/rejoignez-nous\/#primaryimage"},"thumbnailUrl":"https:\/\/www.villancico.re\/wp-content\/uploads\/2022\/09\/violins-1838390_1920.jpg","articleSection":["Actualit\u00e9s"],"inLanguage":"fr-FR"},{"@type":"WebPage","@id":"https:\/\/www.villancico.re\/index.php\/2022\/09\/16\/rejoignez-nous\/","url":"https:\/\/www.villancico.re\/index.php\/2022\/09\/16\/rejoignez-nous\/","name":"Rejoignez nous ! - Villancico Choeur \u00eele de la R\u00e9union - Ce site a \u00e9t\u00e9 financ\u00e9 \u00e0 l\u2019aide du FEDER (REACT-UE) dans le cadre de la r\u00e9ponse de l\u2019Union europ\u00e9enne \u00e0 la pand\u00e9mie COVID-19. L\u2019Europe s\u2019engage \u00e0 La R\u00e9union.","isPartOf":{"@id":"https:\/\/www.villancico.re\/#website"},"primaryImageOfPage":{"@id":"https:\/\/www.villancico.re\/index.php\/2022\/09\/16\/rejoignez-nous\/#primaryimage"},"image":{"@id":"https:\/\/www.villancico.re\/index.php\/2022\/09\/16\/rejoignez-nous\/#primaryimage"},"thumbnailUrl":"https:\/\/www.villancico.re\/wp-content\/uploads\/2022\/09\/violins-1838390_1920.jpg","datePublished":"2022-09-16T14:41:57+00:00","dateModified":"2023-03-03T07:18:00+00:00","breadcrumb":{"@id":"https:\/\/www.villancico.re\/index.php\/2022\/09\/16\/rejoignez-nous\/#breadcrumb"},"inLanguage":"fr-FR","potentialAction":[{"@type":"ReadAction","target":["https:\/\/www.villancico.re\/index.php\/2022\/09\/16\/rejoignez-nous\/"]}]},{"@type":"ImageObject","inLanguage":"fr-FR","@id":"https:\/\/www.villancico.re\/index.php\/2022\/09\/16\/rejoignez-nous\/#primaryimage","url":"https:\/\/www.villancico.re\/wp-content\/uploads\/2022\/09\/violins-1838390_1920.jpg","contentUrl":"https:\/\/www.villancico.re\/wp-content\/uploads\/2022\/09\/violins-1838390_1920.jpg","width":1920,"height":1281},{"@type":"BreadcrumbList","@id":"https:\/\/www.villancico.re\/index.php\/2022\/09\/16\/rejoignez-nous\/#breadcrumb","itemListElement":[{"@type":"ListItem","position":1,"name":"Accueil","item":"https:\/\/www.villancico.re\/"},{"@type":"ListItem","position":2,"name":"Rejoignez nous !"}]},{"@type":"WebSite","@id":"https:\/\/www.villancico.re\/#website","url":"https:\/\/www.villancico.re\/","name":"villancico.re chorale choeur ile de la r\u00e9union 974","description":"Ensemble vocal  Villancico","publisher":{"@id":"https:\/\/www.villancico.re\/#organization"},"potentialAction":[{"@type":"SearchAction","target":{"@type":"EntryPoint","urlTemplate":"https:\/\/www.villancico.re\/?s={search_term_string}"},"query-input":{"@type":"PropertyValueSpecification","valueRequired":true,"valueName":"search_term_string"}}],"inLanguage":"fr-FR"},{"@type":"Organization","@id":"https:\/\/www.villancico.re\/#organization","name":"villancico.re chorale choeur ile de la r\u00e9union 974","url":"https:\/\/www.villancico.re\/","logo":{"@type":"ImageObject","inLanguage":"fr-FR","@id":"https:\/\/www.villancico.re\/#\/schema\/logo\/image\/","url":"https:\/\/www.villancico.re\/wp-content\/uploads\/2022\/09\/modif-thierry-.png","contentUrl":"https:\/\/www.villancico.re\/wp-content\/uploads\/2022\/09\/modif-thierry-.png","width":400,"height":110,"caption":"villancico.re chorale choeur ile de la r\u00e9union 974"},"image":{"@id":"https:\/\/www.villancico.re\/#\/schema\/logo\/image\/"},"sameAs":["https:\/\/facebook.com"]},{"@type":"Person","@id":"https:\/\/www.villancico.re\/#\/schema\/person\/95fc236dcf80cbeca7de7db5c6032e1f","name":"Villancico","sameAs":["http:\/\/gurevun.cluster031.hosting.ovh.net"]}]}},"_links":{"self":[{"href":"https:\/\/www.villancico.re\/index.php\/wp-json\/wp\/v2\/posts\/36","targetHints":{"allow":["GET"]}}],"collection":[{"href":"https:\/\/www.villancico.re\/index.php\/wp-json\/wp\/v2\/posts"}],"about":[{"href":"https:\/\/www.villancico.re\/index.php\/wp-json\/wp\/v2\/types\/post"}],"author":[{"embeddable":true,"href":"https:\/\/www.villancico.re\/index.php\/wp-json\/wp\/v2\/users\/1"}],"replies":[{"embeddable":true,"href":"https:\/\/www.villancico.re\/index.php\/wp-json\/wp\/v2\/comments?post=36"}],"version-history":[{"count":3,"href":"https:\/\/www.villancico.re\/index.php\/wp-json\/wp\/v2\/posts\/36\/revisions"}],"predecessor-version":[{"id":328,"href":"https:\/\/www.villancico.re\/index.php\/wp-json\/wp\/v2\/posts\/36\/revisions\/328"}],"wp:featuredmedia":[{"embeddable":true,"href":"https:\/\/www.villancico.re\/index.php\/wp-json\/wp\/v2\/media\/168"}],"wp:attachment":[{"href":"https:\/\/www.villancico.re\/index.php\/wp-json\/wp\/v2\/media?parent=36"}],"wp:term":[{"taxonomy":"category","embeddable":true,"href":"https:\/\/www.villancico.re\/index.php\/wp-json\/wp\/v2\/categories?post=36"},{"taxonomy":"post_tag","embeddable":true,"href":"https:\/\/www.villancico.re\/index.php\/wp-json\/wp\/v2\/tags?post=36"}],"curies":[{"name":"wp","href":"https:\/\/api.w.org\/{rel}","templated":true}]}}