{"id":431,"date":"2023-04-13T10:26:27","date_gmt":"2023-04-13T06:26:27","guid":{"rendered":"https:\/\/www.villancico.re\/?p=431"},"modified":"2023-12-04T10:45:54","modified_gmt":"2023-12-04T06:45:54","slug":"partenaires","status":"publish","type":"post","link":"https:\/\/www.villancico.re\/index.php\/2023\/04\/13\/partenaires\/","title":{"rendered":"Partenaires"},"content":{"rendered":"\n<p>    Notre activit\u00e9 musicale de chant choral n&rsquo;est possible que gr\u00e2ce \u00e0 nos partenaires.<\/p>\n\n\n\n<p>    Notre action est soutenue de fa\u00e7on constante par les subventions\u00a0des collectivit\u00e9s, <strong>la Mairie du Tampon<\/strong>, <strong>la R\u00e9gion<\/strong>, <strong>le D\u00e9partement R\u00e9union<\/strong>.<\/p>\n\n\n\n<p>    Nous pouvons aussi nous appuyer sur le soutien ponctuel des entreprises <strong>Renault <\/strong>et <strong>Cr\u00e9dit Agricole La R\u00e9union Mayotte<\/strong> qui nous fournissent prestations et subventions sur certains projets.<\/p>\n\n\n\n<p>    Tous nos remerciements \u00e0 ces organismes pour leur soutien.<\/p>\n\n\n\n<p><\/p>\n\n\n\n<p><\/p>\n\n\n\n<h2 class=\"wp-block-heading\">R\u00e9gion R\u00e9union<\/h2>\n\n\n\n<div class=\"wp-block-columns is-layout-flex wp-container-core-columns-is-layout-9d6595d7 wp-block-columns-is-layout-flex\">\n<div class=\"wp-block-column is-layout-flow wp-block-column-is-layout-flow\" style=\"flex-basis:33.33%\">\n<figure class=\"wp-block-image size-full\"><img decoding=\"async\" width=\"120\" height=\"120\" src=\"https:\/\/www.villancico.re\/wp-content\/uploads\/2023\/04\/image-1.png\" alt=\"\" class=\"wp-image-433\"\/><\/figure>\n<\/div>\n\n\n\n<div class=\"wp-block-column is-layout-flow wp-block-column-is-layout-flow\" style=\"flex-basis:66.66%\">\n<p>    <strong>Depuis de nombreuses ann\u00e9es, la REGION REUNION nous manifeste sa confiance par ses subventions.<\/strong><\/p>\n<\/div>\n<\/div>\n\n\n\n<hr class=\"wp-block-separator has-alpha-channel-opacity\"\/>\n\n\n\n<h2 class=\"wp-block-heading\">D\u00e9partement R\u00e9union<\/h2>\n\n\n\n<div class=\"wp-block-columns is-layout-flex wp-container-core-columns-is-layout-9d6595d7 wp-block-columns-is-layout-flex\">\n<div class=\"wp-block-column is-layout-flow wp-block-column-is-layout-flow\" style=\"flex-basis:33.33%\">\n<figure class=\"wp-block-image size-full\"><img decoding=\"async\" width=\"107\" height=\"125\" src=\"https:\/\/www.villancico.re\/wp-content\/uploads\/2023\/04\/image-2.png\" alt=\"\" class=\"wp-image-434\"\/><\/figure>\n<\/div>\n\n\n\n<div class=\"wp-block-column is-layout-flow wp-block-column-is-layout-flow\" style=\"flex-basis:66.66%\">\n<p>   <strong> L&rsquo;Ensemble Vocal Villancico peut compter sur l&rsquo;ind\u00e9fectible soutien financier du DEPARTEMENT de LA REUNION. <\/strong><\/p>\n<\/div>\n<\/div>\n\n\n\n<hr class=\"wp-block-separator has-alpha-channel-opacity\"\/>\n\n\n\n<h2 class=\"wp-block-heading\">Le Tampon<\/h2>\n\n\n\n<div class=\"wp-block-columns is-layout-flex wp-container-core-columns-is-layout-9d6595d7 wp-block-columns-is-layout-flex\">\n<div class=\"wp-block-column is-layout-flow wp-block-column-is-layout-flow\" style=\"flex-basis:33.33%\">\n<figure class=\"wp-block-image size-full\"><img decoding=\"async\" width=\"160\" height=\"160\" src=\"https:\/\/www.villancico.re\/wp-content\/uploads\/2023\/04\/image.png\" alt=\"\" class=\"wp-image-432\" srcset=\"https:\/\/www.villancico.re\/wp-content\/uploads\/2023\/04\/image.png 160w, https:\/\/www.villancico.re\/wp-content\/uploads\/2023\/04\/image-150x150.png 150w\" sizes=\"(max-width: 160px) 100vw, 160px\" \/><\/figure>\n<\/div>\n\n\n\n<div class=\"wp-block-column is-layout-flow wp-block-column-is-layout-flow\" style=\"flex-basis:66.66%\">\n<p>    <strong>La Mairie du TAMPON en plus des subventions allou\u00e9es, nous permet d&rsquo;utiliser les locaux de l&rsquo;\u00e9cole Antoine Lucas.<\/strong><\/p>\n<\/div>\n<\/div>\n\n\n\n<hr class=\"wp-block-separator has-alpha-channel-opacity\"\/>\n\n\n\n<h2 class=\"wp-block-heading\">Cr\u00e9dit Agricole La R\u00e9union Mayotte<\/h2>\n\n\n\n<div class=\"wp-block-columns is-layout-flex wp-container-core-columns-is-layout-9d6595d7 wp-block-columns-is-layout-flex\">\n<div class=\"wp-block-column is-layout-flow wp-block-column-is-layout-flow\" style=\"flex-basis:33.33%\">\n<figure class=\"wp-block-image size-large\"><img loading=\"lazy\" decoding=\"async\" width=\"1024\" height=\"509\" src=\"https:\/\/www.villancico.re\/wp-content\/uploads\/2023\/12\/CA-La-Reunion-Mayotte-Sign-Evenementiel-RVB-01-1024x509.jpg\" alt=\"\" class=\"wp-image-850\" srcset=\"https:\/\/www.villancico.re\/wp-content\/uploads\/2023\/12\/CA-La-Reunion-Mayotte-Sign-Evenementiel-RVB-01-1024x509.jpg 1024w, https:\/\/www.villancico.re\/wp-content\/uploads\/2023\/12\/CA-La-Reunion-Mayotte-Sign-Evenementiel-RVB-01-300x149.jpg 300w, https:\/\/www.villancico.re\/wp-content\/uploads\/2023\/12\/CA-La-Reunion-Mayotte-Sign-Evenementiel-RVB-01-768x381.jpg 768w, https:\/\/www.villancico.re\/wp-content\/uploads\/2023\/12\/CA-La-Reunion-Mayotte-Sign-Evenementiel-RVB-01-1536x763.jpg 1536w, https:\/\/www.villancico.re\/wp-content\/uploads\/2023\/12\/CA-La-Reunion-Mayotte-Sign-Evenementiel-RVB-01-2048x1017.jpg 2048w, https:\/\/www.villancico.re\/wp-content\/uploads\/2023\/12\/CA-La-Reunion-Mayotte-Sign-Evenementiel-RVB-01-640x318.jpg 640w\" sizes=\"(max-width: 1024px) 100vw, 1024px\" \/><\/figure>\n<\/div>\n\n\n\n<div class=\"wp-block-column is-layout-flow wp-block-column-is-layout-flow\" style=\"flex-basis:66.66%\">\n<p>    <strong>Le CREDIT AGRICOLE LA REUNION MAYOTTE nous apporte son soutien financier sur des projets ponctuels.<\/strong><\/p>\n<\/div>\n<\/div>\n\n\n\n<hr class=\"wp-block-separator has-alpha-channel-opacity\"\/>\n\n\n\n<h2 class=\"wp-block-heading\">Renault<\/h2>\n\n\n\n<div class=\"wp-block-columns is-layout-flex wp-container-core-columns-is-layout-9d6595d7 wp-block-columns-is-layout-flex\">\n<div class=\"wp-block-column is-layout-flow wp-block-column-is-layout-flow\" style=\"flex-basis:33.33%\">\n<figure class=\"wp-block-image size-full is-resized\"><img loading=\"lazy\" decoding=\"async\" width=\"310\" height=\"373\" src=\"https:\/\/www.villancico.re\/wp-content\/uploads\/2023\/04\/Logo-Renault.jpg\" alt=\"\" class=\"wp-image-437\" style=\"aspect-ratio:0.8310991957104558;width:185px;height:auto\" srcset=\"https:\/\/www.villancico.re\/wp-content\/uploads\/2023\/04\/Logo-Renault.jpg 310w, https:\/\/www.villancico.re\/wp-content\/uploads\/2023\/04\/Logo-Renault-249x300.jpg 249w\" sizes=\"(max-width: 310px) 100vw, 310px\" \/><\/figure>\n<\/div>\n\n\n\n<div class=\"wp-block-column is-layout-flow wp-block-column-is-layout-flow\" style=\"flex-basis:66.66%\">\n<p>    <strong>Le concessionnaire RENAULT de Saint-Pierre nous apporte son aide dans le cadre de projets ponctuels en mettant gracieusement un v\u00e9hicule Renault \u00e0 la disposition de nos chanteurs solistes venus de l&rsquo;Hexagone.<\/strong><\/p>\n<\/div>\n<\/div>\n","protected":false},"excerpt":{"rendered":"<p>Notre activit\u00e9 musicale de chant choral n&rsquo;est possible que gr\u00e2ce \u00e0 nos partenaires. Notre action est soutenue de fa\u00e7on constante par les subventions\u00a0des collectivit\u00e9s, la Mairie du Tampon, la R\u00e9gion, le D\u00e9partement R\u00e9union. Nous pouvons aussi nous appuyer&#8230; <a class=\"read-more\" href=\"https:\/\/www.villancico.re\/index.php\/2023\/04\/13\/partenaires\/\">Read More<\/a><\/p>\n","protected":false},"author":6,"featured_media":0,"comment_status":"closed","ping_status":"closed","sticky":false,"template":"","format":"standard","meta":{"footnotes":""},"categories":[6],"tags":[],"class_list":["post-431","post","type-post","status-publish","format-standard","hentry","category-fontionnement"],"yoast_head":"<!-- This site is optimized with the Yoast SEO plugin v26.0 - https:\/\/yoast.com\/wordpress\/plugins\/seo\/ -->\n<title>Partenaires - Villancico Choeur \u00eele de la R\u00e9union - Ce site a \u00e9t\u00e9 financ\u00e9 \u00e0 l\u2019aide du FEDER (REACT-UE) dans le cadre de la r\u00e9ponse de l\u2019Union europ\u00e9enne \u00e0 la pand\u00e9mie COVID-19. L\u2019Europe s\u2019engage \u00e0 La R\u00e9union.<\/title>\n<meta name=\"robots\" content=\"noindex, follow\" \/>\n<meta property=\"og:locale\" content=\"fr_FR\" \/>\n<meta property=\"og:type\" content=\"article\" \/>\n<meta property=\"og:title\" content=\"Partenaires - Villancico Choeur \u00eele de la R\u00e9union - Ce site a \u00e9t\u00e9 financ\u00e9 \u00e0 l\u2019aide du FEDER (REACT-UE) dans le cadre de la r\u00e9ponse de l\u2019Union europ\u00e9enne \u00e0 la pand\u00e9mie COVID-19. L\u2019Europe s\u2019engage \u00e0 La R\u00e9union.\" \/>\n<meta property=\"og:description\" content=\"Notre activit\u00e9 musicale de chant choral n&rsquo;est possible que gr\u00e2ce \u00e0 nos partenaires. Notre action est soutenue de fa\u00e7on constante par les subventions\u00a0des collectivit\u00e9s, la Mairie du Tampon, la R\u00e9gion, le D\u00e9partement R\u00e9union. Nous pouvons aussi nous appuyer... Read More\" \/>\n<meta property=\"og:url\" content=\"https:\/\/www.villancico.re\/index.php\/2023\/04\/13\/partenaires\/\" \/>\n<meta property=\"og:site_name\" content=\"Villancico Choeur \u00eele de la R\u00e9union - Ce site a \u00e9t\u00e9 financ\u00e9 \u00e0 l\u2019aide du FEDER (REACT-UE) dans le cadre de la r\u00e9ponse de l\u2019Union europ\u00e9enne \u00e0 la pand\u00e9mie COVID-19. L\u2019Europe s\u2019engage \u00e0 La R\u00e9union.\" \/>\n<meta property=\"article:publisher\" content=\"https:\/\/facebook.com\" \/>\n<meta property=\"article:published_time\" content=\"2023-04-13T06:26:27+00:00\" \/>\n<meta property=\"article:modified_time\" content=\"2023-12-04T06:45:54+00:00\" \/>\n<meta property=\"og:image\" content=\"https:\/\/www.villancico.re\/wp-content\/uploads\/2023\/04\/image-1.png\" \/>\n<meta name=\"author\" content=\"Edouard\" \/>\n<meta name=\"twitter:card\" content=\"summary_large_image\" \/>\n<meta name=\"twitter:label1\" content=\"\u00c9crit par\" \/>\n\t<meta name=\"twitter:data1\" content=\"Edouard\" \/>\n\t<meta name=\"twitter:label2\" content=\"Dur\u00e9e de lecture estim\u00e9e\" \/>\n\t<meta name=\"twitter:data2\" content=\"2 minutes\" \/>\n<script type=\"application\/ld+json\" class=\"yoast-schema-graph\">{\"@context\":\"https:\/\/schema.org\",\"@graph\":[{\"@type\":\"Article\",\"@id\":\"https:\/\/www.villancico.re\/index.php\/2023\/04\/13\/partenaires\/#article\",\"isPartOf\":{\"@id\":\"https:\/\/www.villancico.re\/index.php\/2023\/04\/13\/partenaires\/\"},\"author\":{\"name\":\"Edouard\",\"@id\":\"https:\/\/www.villancico.re\/#\/schema\/person\/f5fb42974e0f671aff69d0d38337c6d4\"},\"headline\":\"Partenaires\",\"datePublished\":\"2023-04-13T06:26:27+00:00\",\"dateModified\":\"2023-12-04T06:45:54+00:00\",\"mainEntityOfPage\":{\"@id\":\"https:\/\/www.villancico.re\/index.php\/2023\/04\/13\/partenaires\/\"},\"wordCount\":191,\"publisher\":{\"@id\":\"https:\/\/www.villancico.re\/#organization\"},\"image\":{\"@id\":\"https:\/\/www.villancico.re\/index.php\/2023\/04\/13\/partenaires\/#primaryimage\"},\"thumbnailUrl\":\"https:\/\/www.villancico.re\/wp-content\/uploads\/2023\/04\/image-1.png\",\"articleSection\":[\"Fonctionnement\"],\"inLanguage\":\"fr-FR\"},{\"@type\":\"WebPage\",\"@id\":\"https:\/\/www.villancico.re\/index.php\/2023\/04\/13\/partenaires\/\",\"url\":\"https:\/\/www.villancico.re\/index.php\/2023\/04\/13\/partenaires\/\",\"name\":\"Partenaires - Villancico Choeur \u00eele de la R\u00e9union - Ce site a \u00e9t\u00e9 financ\u00e9 \u00e0 l\u2019aide du FEDER (REACT-UE) dans le cadre de la r\u00e9ponse de l\u2019Union europ\u00e9enne \u00e0 la pand\u00e9mie COVID-19. L\u2019Europe s\u2019engage \u00e0 La R\u00e9union.\",\"isPartOf\":{\"@id\":\"https:\/\/www.villancico.re\/#website\"},\"primaryImageOfPage\":{\"@id\":\"https:\/\/www.villancico.re\/index.php\/2023\/04\/13\/partenaires\/#primaryimage\"},\"image\":{\"@id\":\"https:\/\/www.villancico.re\/index.php\/2023\/04\/13\/partenaires\/#primaryimage\"},\"thumbnailUrl\":\"https:\/\/www.villancico.re\/wp-content\/uploads\/2023\/04\/image-1.png\",\"datePublished\":\"2023-04-13T06:26:27+00:00\",\"dateModified\":\"2023-12-04T06:45:54+00:00\",\"breadcrumb\":{\"@id\":\"https:\/\/www.villancico.re\/index.php\/2023\/04\/13\/partenaires\/#breadcrumb\"},\"inLanguage\":\"fr-FR\",\"potentialAction\":[{\"@type\":\"ReadAction\",\"target\":[\"https:\/\/www.villancico.re\/index.php\/2023\/04\/13\/partenaires\/\"]}]},{\"@type\":\"ImageObject\",\"inLanguage\":\"fr-FR\",\"@id\":\"https:\/\/www.villancico.re\/index.php\/2023\/04\/13\/partenaires\/#primaryimage\",\"url\":\"https:\/\/www.villancico.re\/wp-content\/uploads\/2023\/04\/image-1.png\",\"contentUrl\":\"https:\/\/www.villancico.re\/wp-content\/uploads\/2023\/04\/image-1.png\",\"width\":120,\"height\":120},{\"@type\":\"BreadcrumbList\",\"@id\":\"https:\/\/www.villancico.re\/index.php\/2023\/04\/13\/partenaires\/#breadcrumb\",\"itemListElement\":[{\"@type\":\"ListItem\",\"position\":1,\"name\":\"Accueil\",\"item\":\"https:\/\/www.villancico.re\/\"},{\"@type\":\"ListItem\",\"position\":2,\"name\":\"Partenaires\"}]},{\"@type\":\"WebSite\",\"@id\":\"https:\/\/www.villancico.re\/#website\",\"url\":\"https:\/\/www.villancico.re\/\",\"name\":\"villancico.re chorale choeur ile de la r\u00e9union 974\",\"description\":\"Ensemble vocal  Villancico\",\"publisher\":{\"@id\":\"https:\/\/www.villancico.re\/#organization\"},\"potentialAction\":[{\"@type\":\"SearchAction\",\"target\":{\"@type\":\"EntryPoint\",\"urlTemplate\":\"https:\/\/www.villancico.re\/?s={search_term_string}\"},\"query-input\":{\"@type\":\"PropertyValueSpecification\",\"valueRequired\":true,\"valueName\":\"search_term_string\"}}],\"inLanguage\":\"fr-FR\"},{\"@type\":\"Organization\",\"@id\":\"https:\/\/www.villancico.re\/#organization\",\"name\":\"villancico.re chorale choeur ile de la r\u00e9union 974\",\"url\":\"https:\/\/www.villancico.re\/\",\"logo\":{\"@type\":\"ImageObject\",\"inLanguage\":\"fr-FR\",\"@id\":\"https:\/\/www.villancico.re\/#\/schema\/logo\/image\/\",\"url\":\"https:\/\/www.villancico.re\/wp-content\/uploads\/2022\/09\/modif-thierry-.png\",\"contentUrl\":\"https:\/\/www.villancico.re\/wp-content\/uploads\/2022\/09\/modif-thierry-.png\",\"width\":400,\"height\":110,\"caption\":\"villancico.re chorale choeur ile de la r\u00e9union 974\"},\"image\":{\"@id\":\"https:\/\/www.villancico.re\/#\/schema\/logo\/image\/\"},\"sameAs\":[\"https:\/\/facebook.com\"]},{\"@type\":\"Person\",\"@id\":\"https:\/\/www.villancico.re\/#\/schema\/person\/f5fb42974e0f671aff69d0d38337c6d4\",\"name\":\"Edouard\"}]}<\/script>\n<!-- \/ Yoast SEO plugin. -->","yoast_head_json":{"title":"Partenaires - Villancico Choeur \u00eele de la R\u00e9union - Ce site a \u00e9t\u00e9 financ\u00e9 \u00e0 l\u2019aide du FEDER (REACT-UE) dans le cadre de la r\u00e9ponse de l\u2019Union europ\u00e9enne \u00e0 la pand\u00e9mie COVID-19. L\u2019Europe s\u2019engage \u00e0 La R\u00e9union.","robots":{"index":"noindex","follow":"follow"},"og_locale":"fr_FR","og_type":"article","og_title":"Partenaires - Villancico Choeur \u00eele de la R\u00e9union - Ce site a \u00e9t\u00e9 financ\u00e9 \u00e0 l\u2019aide du FEDER (REACT-UE) dans le cadre de la r\u00e9ponse de l\u2019Union europ\u00e9enne \u00e0 la pand\u00e9mie COVID-19. L\u2019Europe s\u2019engage \u00e0 La R\u00e9union.","og_description":"Notre activit\u00e9 musicale de chant choral n&rsquo;est possible que gr\u00e2ce \u00e0 nos partenaires. Notre action est soutenue de fa\u00e7on constante par les subventions\u00a0des collectivit\u00e9s, la Mairie du Tampon, la R\u00e9gion, le D\u00e9partement R\u00e9union. Nous pouvons aussi nous appuyer... Read More","og_url":"https:\/\/www.villancico.re\/index.php\/2023\/04\/13\/partenaires\/","og_site_name":"Villancico Choeur \u00eele de la R\u00e9union - Ce site a \u00e9t\u00e9 financ\u00e9 \u00e0 l\u2019aide du FEDER (REACT-UE) dans le cadre de la r\u00e9ponse de l\u2019Union europ\u00e9enne \u00e0 la pand\u00e9mie COVID-19. L\u2019Europe s\u2019engage \u00e0 La R\u00e9union.","article_publisher":"https:\/\/facebook.com","article_published_time":"2023-04-13T06:26:27+00:00","article_modified_time":"2023-12-04T06:45:54+00:00","og_image":[{"url":"https:\/\/www.villancico.re\/wp-content\/uploads\/2023\/04\/image-1.png","type":"","width":"","height":""}],"author":"Edouard","twitter_card":"summary_large_image","twitter_misc":{"\u00c9crit par":"Edouard","Dur\u00e9e de lecture estim\u00e9e":"2 minutes"},"schema":{"@context":"https:\/\/schema.org","@graph":[{"@type":"Article","@id":"https:\/\/www.villancico.re\/index.php\/2023\/04\/13\/partenaires\/#article","isPartOf":{"@id":"https:\/\/www.villancico.re\/index.php\/2023\/04\/13\/partenaires\/"},"author":{"name":"Edouard","@id":"https:\/\/www.villancico.re\/#\/schema\/person\/f5fb42974e0f671aff69d0d38337c6d4"},"headline":"Partenaires","datePublished":"2023-04-13T06:26:27+00:00","dateModified":"2023-12-04T06:45:54+00:00","mainEntityOfPage":{"@id":"https:\/\/www.villancico.re\/index.php\/2023\/04\/13\/partenaires\/"},"wordCount":191,"publisher":{"@id":"https:\/\/www.villancico.re\/#organization"},"image":{"@id":"https:\/\/www.villancico.re\/index.php\/2023\/04\/13\/partenaires\/#primaryimage"},"thumbnailUrl":"https:\/\/www.villancico.re\/wp-content\/uploads\/2023\/04\/image-1.png","articleSection":["Fonctionnement"],"inLanguage":"fr-FR"},{"@type":"WebPage","@id":"https:\/\/www.villancico.re\/index.php\/2023\/04\/13\/partenaires\/","url":"https:\/\/www.villancico.re\/index.php\/2023\/04\/13\/partenaires\/","name":"Partenaires - Villancico Choeur \u00eele de la R\u00e9union - Ce site a \u00e9t\u00e9 financ\u00e9 \u00e0 l\u2019aide du FEDER (REACT-UE) dans le cadre de la r\u00e9ponse de l\u2019Union europ\u00e9enne \u00e0 la pand\u00e9mie COVID-19. L\u2019Europe s\u2019engage \u00e0 La R\u00e9union.","isPartOf":{"@id":"https:\/\/www.villancico.re\/#website"},"primaryImageOfPage":{"@id":"https:\/\/www.villancico.re\/index.php\/2023\/04\/13\/partenaires\/#primaryimage"},"image":{"@id":"https:\/\/www.villancico.re\/index.php\/2023\/04\/13\/partenaires\/#primaryimage"},"thumbnailUrl":"https:\/\/www.villancico.re\/wp-content\/uploads\/2023\/04\/image-1.png","datePublished":"2023-04-13T06:26:27+00:00","dateModified":"2023-12-04T06:45:54+00:00","breadcrumb":{"@id":"https:\/\/www.villancico.re\/index.php\/2023\/04\/13\/partenaires\/#breadcrumb"},"inLanguage":"fr-FR","potentialAction":[{"@type":"ReadAction","target":["https:\/\/www.villancico.re\/index.php\/2023\/04\/13\/partenaires\/"]}]},{"@type":"ImageObject","inLanguage":"fr-FR","@id":"https:\/\/www.villancico.re\/index.php\/2023\/04\/13\/partenaires\/#primaryimage","url":"https:\/\/www.villancico.re\/wp-content\/uploads\/2023\/04\/image-1.png","contentUrl":"https:\/\/www.villancico.re\/wp-content\/uploads\/2023\/04\/image-1.png","width":120,"height":120},{"@type":"BreadcrumbList","@id":"https:\/\/www.villancico.re\/index.php\/2023\/04\/13\/partenaires\/#breadcrumb","itemListElement":[{"@type":"ListItem","position":1,"name":"Accueil","item":"https:\/\/www.villancico.re\/"},{"@type":"ListItem","position":2,"name":"Partenaires"}]},{"@type":"WebSite","@id":"https:\/\/www.villancico.re\/#website","url":"https:\/\/www.villancico.re\/","name":"villancico.re chorale choeur ile de la r\u00e9union 974","description":"Ensemble vocal  Villancico","publisher":{"@id":"https:\/\/www.villancico.re\/#organization"},"potentialAction":[{"@type":"SearchAction","target":{"@type":"EntryPoint","urlTemplate":"https:\/\/www.villancico.re\/?s={search_term_string}"},"query-input":{"@type":"PropertyValueSpecification","valueRequired":true,"valueName":"search_term_string"}}],"inLanguage":"fr-FR"},{"@type":"Organization","@id":"https:\/\/www.villancico.re\/#organization","name":"villancico.re chorale choeur ile de la r\u00e9union 974","url":"https:\/\/www.villancico.re\/","logo":{"@type":"ImageObject","inLanguage":"fr-FR","@id":"https:\/\/www.villancico.re\/#\/schema\/logo\/image\/","url":"https:\/\/www.villancico.re\/wp-content\/uploads\/2022\/09\/modif-thierry-.png","contentUrl":"https:\/\/www.villancico.re\/wp-content\/uploads\/2022\/09\/modif-thierry-.png","width":400,"height":110,"caption":"villancico.re chorale choeur ile de la r\u00e9union 974"},"image":{"@id":"https:\/\/www.villancico.re\/#\/schema\/logo\/image\/"},"sameAs":["https:\/\/facebook.com"]},{"@type":"Person","@id":"https:\/\/www.villancico.re\/#\/schema\/person\/f5fb42974e0f671aff69d0d38337c6d4","name":"Edouard"}]}},"_links":{"self":[{"href":"https:\/\/www.villancico.re\/index.php\/wp-json\/wp\/v2\/posts\/431","targetHints":{"allow":["GET"]}}],"collection":[{"href":"https:\/\/www.villancico.re\/index.php\/wp-json\/wp\/v2\/posts"}],"about":[{"href":"https:\/\/www.villancico.re\/index.php\/wp-json\/wp\/v2\/types\/post"}],"author":[{"embeddable":true,"href":"https:\/\/www.villancico.re\/index.php\/wp-json\/wp\/v2\/users\/6"}],"replies":[{"embeddable":true,"href":"https:\/\/www.villancico.re\/index.php\/wp-json\/wp\/v2\/comments?post=431"}],"version-history":[{"count":13,"href":"https:\/\/www.villancico.re\/index.php\/wp-json\/wp\/v2\/posts\/431\/revisions"}],"predecessor-version":[{"id":862,"href":"https:\/\/www.villancico.re\/index.php\/wp-json\/wp\/v2\/posts\/431\/revisions\/862"}],"wp:attachment":[{"href":"https:\/\/www.villancico.re\/index.php\/wp-json\/wp\/v2\/media?parent=431"}],"wp:term":[{"taxonomy":"category","embeddable":true,"href":"https:\/\/www.villancico.re\/index.php\/wp-json\/wp\/v2\/categories?post=431"},{"taxonomy":"post_tag","embeddable":true,"href":"https:\/\/www.villancico.re\/index.php\/wp-json\/wp\/v2\/tags?post=431"}],"curies":[{"name":"wp","href":"https:\/\/api.w.org\/{rel}","templated":true}]}}