{"id":58,"date":"2022-09-18T05:34:12","date_gmt":"2022-09-18T01:34:12","guid":{"rendered":"https:\/\/www.villancico.re\/?p=58"},"modified":"2025-04-09T15:13:23","modified_gmt":"2025-04-09T11:13:23","slug":"qui-sommes-nous","status":"publish","type":"post","link":"https:\/\/www.villancico.re\/index.php\/2022\/09\/18\/qui-sommes-nous\/","title":{"rendered":"Qui sommes nous ?"},"content":{"rendered":"\n<p><strong>Le Ch\u0153ur VILLANCICO<\/strong> est dirig\u00e9 par <strong>Jacques Detan<\/strong> et r\u00e9unit depuis plus de 40 ans des chanteurs amateurs dans le but de travailler un r\u00e9pertoire de qualit\u00e9, d\u2019\u00e9poques diverses, du Moyen-Age \u00e0 nos jours, et de genres vari\u00e9s tant a capella qu\u2019avec solistes et orchestre.<br>Le perfectionnement des qualit\u00e9s vocales des choristes ainsi que la compr\u00e9hension musicale indispensable au respect des \u0153uvres sont les axes principaux du travail effectu\u00e9 sous la direction de <strong>Jacques Detan<\/strong>, dans un souci permanent de rigueur stylistique et d\u2019une recherche constante de la juste interpr\u00e9tation.<br>Tout ce travail s\u2019effectue dans un souci premier de partager le plaisir de chanter et d\u2019\u00eatre ensemble.<br>Situ\u00e9e au <strong>Tampon<\/strong>, notre association est soutenue principalement par la <strong>R\u00e9gion R\u00e9union<\/strong>, le <strong>D\u00e9partement <\/strong>et la <strong>Mairie du Tampon<\/strong>. Plus d\u2019une cinquantaine de membres la composent, venus de diff\u00e9rents horizons culturels.<br><strong>Le Choeur VILLANCICO<\/strong> est une chorale mixte \u00e0 quatre voix (soprano, alto, t\u00e9nor, basse). Durant les concerts, la chorale est accompagn\u00e9e par un orchestre de musiciens professionnels.<\/p>\n\n\n\n<p><\/p>\n","protected":false},"excerpt":{"rendered":"<p>Villancico <\/p>\n","protected":false},"author":1,"featured_media":0,"comment_status":"closed","ping_status":"closed","sticky":false,"template":"","format":"standard","meta":{"footnotes":""},"categories":[4],"tags":[],"class_list":["post-58","post","type-post","status-publish","format-standard","hentry","category-presentation"],"yoast_head":"<!-- This site is optimized with the Yoast SEO plugin v26.0 - https:\/\/yoast.com\/wordpress\/plugins\/seo\/ -->\n<title>Qui sommes nous ? - Villancico Choeur \u00eele de la R\u00e9union - Ce site a \u00e9t\u00e9 financ\u00e9 \u00e0 l\u2019aide du FEDER (REACT-UE) dans le cadre de la r\u00e9ponse de l\u2019Union europ\u00e9enne \u00e0 la pand\u00e9mie COVID-19. L\u2019Europe s\u2019engage \u00e0 La R\u00e9union.<\/title>\n<meta name=\"description\" content=\"choeur amateur de bon niveau ouvert \u00e0 tous \u00e0 la R\u00e9union.\" \/>\n<meta name=\"robots\" content=\"noindex, follow\" \/>\n<meta property=\"og:locale\" content=\"fr_FR\" \/>\n<meta property=\"og:type\" content=\"article\" \/>\n<meta property=\"og:title\" content=\"Qui sommes nous ? - Villancico Choeur \u00eele de la R\u00e9union - Ce site a \u00e9t\u00e9 financ\u00e9 \u00e0 l\u2019aide du FEDER (REACT-UE) dans le cadre de la r\u00e9ponse de l\u2019Union europ\u00e9enne \u00e0 la pand\u00e9mie COVID-19. L\u2019Europe s\u2019engage \u00e0 La R\u00e9union.\" \/>\n<meta property=\"og:description\" content=\"choeur amateur de bon niveau ouvert \u00e0 tous \u00e0 la R\u00e9union.\" \/>\n<meta property=\"og:url\" content=\"https:\/\/www.villancico.re\/index.php\/2022\/09\/18\/qui-sommes-nous\/\" \/>\n<meta property=\"og:site_name\" content=\"Villancico Choeur \u00eele de la R\u00e9union - Ce site a \u00e9t\u00e9 financ\u00e9 \u00e0 l\u2019aide du FEDER (REACT-UE) dans le cadre de la r\u00e9ponse de l\u2019Union europ\u00e9enne \u00e0 la pand\u00e9mie COVID-19. L\u2019Europe s\u2019engage \u00e0 La R\u00e9union.\" \/>\n<meta property=\"article:publisher\" content=\"https:\/\/facebook.com\" \/>\n<meta property=\"article:published_time\" content=\"2022-09-18T01:34:12+00:00\" \/>\n<meta property=\"article:modified_time\" content=\"2025-04-09T11:13:23+00:00\" \/>\n<meta name=\"author\" content=\"Villancico\" \/>\n<meta name=\"twitter:card\" content=\"summary_large_image\" \/>\n<meta name=\"twitter:label1\" content=\"\u00c9crit par\" \/>\n\t<meta name=\"twitter:data1\" content=\"Villancico\" \/>\n\t<meta name=\"twitter:label2\" content=\"Dur\u00e9e de lecture estim\u00e9e\" \/>\n\t<meta name=\"twitter:data2\" content=\"1 minute\" \/>\n<script type=\"application\/ld+json\" class=\"yoast-schema-graph\">{\"@context\":\"https:\/\/schema.org\",\"@graph\":[{\"@type\":\"Article\",\"@id\":\"https:\/\/www.villancico.re\/index.php\/2022\/09\/18\/qui-sommes-nous\/#article\",\"isPartOf\":{\"@id\":\"https:\/\/www.villancico.re\/index.php\/2022\/09\/18\/qui-sommes-nous\/\"},\"author\":{\"name\":\"Villancico\",\"@id\":\"https:\/\/www.villancico.re\/#\/schema\/person\/95fc236dcf80cbeca7de7db5c6032e1f\"},\"headline\":\"Qui sommes nous ?\",\"datePublished\":\"2022-09-18T01:34:12+00:00\",\"dateModified\":\"2025-04-09T11:13:23+00:00\",\"mainEntityOfPage\":{\"@id\":\"https:\/\/www.villancico.re\/index.php\/2022\/09\/18\/qui-sommes-nous\/\"},\"wordCount\":185,\"publisher\":{\"@id\":\"https:\/\/www.villancico.re\/#organization\"},\"articleSection\":[\"Pr\u00e9sentation\"],\"inLanguage\":\"fr-FR\"},{\"@type\":[\"WebPage\",\"AboutPage\"],\"@id\":\"https:\/\/www.villancico.re\/index.php\/2022\/09\/18\/qui-sommes-nous\/\",\"url\":\"https:\/\/www.villancico.re\/index.php\/2022\/09\/18\/qui-sommes-nous\/\",\"name\":\"Qui sommes nous ? - Villancico Choeur \u00eele de la R\u00e9union - Ce site a \u00e9t\u00e9 financ\u00e9 \u00e0 l\u2019aide du FEDER (REACT-UE) dans le cadre de la r\u00e9ponse de l\u2019Union europ\u00e9enne \u00e0 la pand\u00e9mie COVID-19. L\u2019Europe s\u2019engage \u00e0 La R\u00e9union.\",\"isPartOf\":{\"@id\":\"https:\/\/www.villancico.re\/#website\"},\"datePublished\":\"2022-09-18T01:34:12+00:00\",\"dateModified\":\"2025-04-09T11:13:23+00:00\",\"description\":\"choeur amateur de bon niveau ouvert \u00e0 tous \u00e0 la R\u00e9union.\",\"breadcrumb\":{\"@id\":\"https:\/\/www.villancico.re\/index.php\/2022\/09\/18\/qui-sommes-nous\/#breadcrumb\"},\"inLanguage\":\"fr-FR\",\"potentialAction\":[{\"@type\":\"ReadAction\",\"target\":[\"https:\/\/www.villancico.re\/index.php\/2022\/09\/18\/qui-sommes-nous\/\"]}]},{\"@type\":\"BreadcrumbList\",\"@id\":\"https:\/\/www.villancico.re\/index.php\/2022\/09\/18\/qui-sommes-nous\/#breadcrumb\",\"itemListElement\":[{\"@type\":\"ListItem\",\"position\":1,\"name\":\"Accueil\",\"item\":\"https:\/\/www.villancico.re\/\"},{\"@type\":\"ListItem\",\"position\":2,\"name\":\"Qui sommes nous ?\"}]},{\"@type\":\"WebSite\",\"@id\":\"https:\/\/www.villancico.re\/#website\",\"url\":\"https:\/\/www.villancico.re\/\",\"name\":\"villancico.re chorale choeur ile de la r\u00e9union 974\",\"description\":\"Ensemble vocal  Villancico\",\"publisher\":{\"@id\":\"https:\/\/www.villancico.re\/#organization\"},\"potentialAction\":[{\"@type\":\"SearchAction\",\"target\":{\"@type\":\"EntryPoint\",\"urlTemplate\":\"https:\/\/www.villancico.re\/?s={search_term_string}\"},\"query-input\":{\"@type\":\"PropertyValueSpecification\",\"valueRequired\":true,\"valueName\":\"search_term_string\"}}],\"inLanguage\":\"fr-FR\"},{\"@type\":\"Organization\",\"@id\":\"https:\/\/www.villancico.re\/#organization\",\"name\":\"villancico.re chorale choeur ile de la r\u00e9union 974\",\"url\":\"https:\/\/www.villancico.re\/\",\"logo\":{\"@type\":\"ImageObject\",\"inLanguage\":\"fr-FR\",\"@id\":\"https:\/\/www.villancico.re\/#\/schema\/logo\/image\/\",\"url\":\"https:\/\/www.villancico.re\/wp-content\/uploads\/2022\/09\/modif-thierry-.png\",\"contentUrl\":\"https:\/\/www.villancico.re\/wp-content\/uploads\/2022\/09\/modif-thierry-.png\",\"width\":400,\"height\":110,\"caption\":\"villancico.re chorale choeur ile de la r\u00e9union 974\"},\"image\":{\"@id\":\"https:\/\/www.villancico.re\/#\/schema\/logo\/image\/\"},\"sameAs\":[\"https:\/\/facebook.com\"]},{\"@type\":\"Person\",\"@id\":\"https:\/\/www.villancico.re\/#\/schema\/person\/95fc236dcf80cbeca7de7db5c6032e1f\",\"name\":\"Villancico\",\"sameAs\":[\"http:\/\/gurevun.cluster031.hosting.ovh.net\"]}]}<\/script>\n<!-- \/ Yoast SEO plugin. -->","yoast_head_json":{"title":"Qui sommes nous ? - Villancico Choeur \u00eele de la R\u00e9union - Ce site a \u00e9t\u00e9 financ\u00e9 \u00e0 l\u2019aide du FEDER (REACT-UE) dans le cadre de la r\u00e9ponse de l\u2019Union europ\u00e9enne \u00e0 la pand\u00e9mie COVID-19. L\u2019Europe s\u2019engage \u00e0 La R\u00e9union.","description":"choeur amateur de bon niveau ouvert \u00e0 tous \u00e0 la R\u00e9union.","robots":{"index":"noindex","follow":"follow"},"og_locale":"fr_FR","og_type":"article","og_title":"Qui sommes nous ? - Villancico Choeur \u00eele de la R\u00e9union - Ce site a \u00e9t\u00e9 financ\u00e9 \u00e0 l\u2019aide du FEDER (REACT-UE) dans le cadre de la r\u00e9ponse de l\u2019Union europ\u00e9enne \u00e0 la pand\u00e9mie COVID-19. L\u2019Europe s\u2019engage \u00e0 La R\u00e9union.","og_description":"choeur amateur de bon niveau ouvert \u00e0 tous \u00e0 la R\u00e9union.","og_url":"https:\/\/www.villancico.re\/index.php\/2022\/09\/18\/qui-sommes-nous\/","og_site_name":"Villancico Choeur \u00eele de la R\u00e9union - Ce site a \u00e9t\u00e9 financ\u00e9 \u00e0 l\u2019aide du FEDER (REACT-UE) dans le cadre de la r\u00e9ponse de l\u2019Union europ\u00e9enne \u00e0 la pand\u00e9mie COVID-19. L\u2019Europe s\u2019engage \u00e0 La R\u00e9union.","article_publisher":"https:\/\/facebook.com","article_published_time":"2022-09-18T01:34:12+00:00","article_modified_time":"2025-04-09T11:13:23+00:00","author":"Villancico","twitter_card":"summary_large_image","twitter_misc":{"\u00c9crit par":"Villancico","Dur\u00e9e de lecture estim\u00e9e":"1 minute"},"schema":{"@context":"https:\/\/schema.org","@graph":[{"@type":"Article","@id":"https:\/\/www.villancico.re\/index.php\/2022\/09\/18\/qui-sommes-nous\/#article","isPartOf":{"@id":"https:\/\/www.villancico.re\/index.php\/2022\/09\/18\/qui-sommes-nous\/"},"author":{"name":"Villancico","@id":"https:\/\/www.villancico.re\/#\/schema\/person\/95fc236dcf80cbeca7de7db5c6032e1f"},"headline":"Qui sommes nous ?","datePublished":"2022-09-18T01:34:12+00:00","dateModified":"2025-04-09T11:13:23+00:00","mainEntityOfPage":{"@id":"https:\/\/www.villancico.re\/index.php\/2022\/09\/18\/qui-sommes-nous\/"},"wordCount":185,"publisher":{"@id":"https:\/\/www.villancico.re\/#organization"},"articleSection":["Pr\u00e9sentation"],"inLanguage":"fr-FR"},{"@type":["WebPage","AboutPage"],"@id":"https:\/\/www.villancico.re\/index.php\/2022\/09\/18\/qui-sommes-nous\/","url":"https:\/\/www.villancico.re\/index.php\/2022\/09\/18\/qui-sommes-nous\/","name":"Qui sommes nous ? - Villancico Choeur \u00eele de la R\u00e9union - Ce site a \u00e9t\u00e9 financ\u00e9 \u00e0 l\u2019aide du FEDER (REACT-UE) dans le cadre de la r\u00e9ponse de l\u2019Union europ\u00e9enne \u00e0 la pand\u00e9mie COVID-19. L\u2019Europe s\u2019engage \u00e0 La R\u00e9union.","isPartOf":{"@id":"https:\/\/www.villancico.re\/#website"},"datePublished":"2022-09-18T01:34:12+00:00","dateModified":"2025-04-09T11:13:23+00:00","description":"choeur amateur de bon niveau ouvert \u00e0 tous \u00e0 la R\u00e9union.","breadcrumb":{"@id":"https:\/\/www.villancico.re\/index.php\/2022\/09\/18\/qui-sommes-nous\/#breadcrumb"},"inLanguage":"fr-FR","potentialAction":[{"@type":"ReadAction","target":["https:\/\/www.villancico.re\/index.php\/2022\/09\/18\/qui-sommes-nous\/"]}]},{"@type":"BreadcrumbList","@id":"https:\/\/www.villancico.re\/index.php\/2022\/09\/18\/qui-sommes-nous\/#breadcrumb","itemListElement":[{"@type":"ListItem","position":1,"name":"Accueil","item":"https:\/\/www.villancico.re\/"},{"@type":"ListItem","position":2,"name":"Qui sommes nous ?"}]},{"@type":"WebSite","@id":"https:\/\/www.villancico.re\/#website","url":"https:\/\/www.villancico.re\/","name":"villancico.re chorale choeur ile de la r\u00e9union 974","description":"Ensemble vocal  Villancico","publisher":{"@id":"https:\/\/www.villancico.re\/#organization"},"potentialAction":[{"@type":"SearchAction","target":{"@type":"EntryPoint","urlTemplate":"https:\/\/www.villancico.re\/?s={search_term_string}"},"query-input":{"@type":"PropertyValueSpecification","valueRequired":true,"valueName":"search_term_string"}}],"inLanguage":"fr-FR"},{"@type":"Organization","@id":"https:\/\/www.villancico.re\/#organization","name":"villancico.re chorale choeur ile de la r\u00e9union 974","url":"https:\/\/www.villancico.re\/","logo":{"@type":"ImageObject","inLanguage":"fr-FR","@id":"https:\/\/www.villancico.re\/#\/schema\/logo\/image\/","url":"https:\/\/www.villancico.re\/wp-content\/uploads\/2022\/09\/modif-thierry-.png","contentUrl":"https:\/\/www.villancico.re\/wp-content\/uploads\/2022\/09\/modif-thierry-.png","width":400,"height":110,"caption":"villancico.re chorale choeur ile de la r\u00e9union 974"},"image":{"@id":"https:\/\/www.villancico.re\/#\/schema\/logo\/image\/"},"sameAs":["https:\/\/facebook.com"]},{"@type":"Person","@id":"https:\/\/www.villancico.re\/#\/schema\/person\/95fc236dcf80cbeca7de7db5c6032e1f","name":"Villancico","sameAs":["http:\/\/gurevun.cluster031.hosting.ovh.net"]}]}},"_links":{"self":[{"href":"https:\/\/www.villancico.re\/index.php\/wp-json\/wp\/v2\/posts\/58","targetHints":{"allow":["GET"]}}],"collection":[{"href":"https:\/\/www.villancico.re\/index.php\/wp-json\/wp\/v2\/posts"}],"about":[{"href":"https:\/\/www.villancico.re\/index.php\/wp-json\/wp\/v2\/types\/post"}],"author":[{"embeddable":true,"href":"https:\/\/www.villancico.re\/index.php\/wp-json\/wp\/v2\/users\/1"}],"replies":[{"embeddable":true,"href":"https:\/\/www.villancico.re\/index.php\/wp-json\/wp\/v2\/comments?post=58"}],"version-history":[{"count":13,"href":"https:\/\/www.villancico.re\/index.php\/wp-json\/wp\/v2\/posts\/58\/revisions"}],"predecessor-version":[{"id":1289,"href":"https:\/\/www.villancico.re\/index.php\/wp-json\/wp\/v2\/posts\/58\/revisions\/1289"}],"wp:attachment":[{"href":"https:\/\/www.villancico.re\/index.php\/wp-json\/wp\/v2\/media?parent=58"}],"wp:term":[{"taxonomy":"category","embeddable":true,"href":"https:\/\/www.villancico.re\/index.php\/wp-json\/wp\/v2\/categories?post=58"},{"taxonomy":"post_tag","embeddable":true,"href":"https:\/\/www.villancico.re\/index.php\/wp-json\/wp\/v2\/tags?post=58"}],"curies":[{"name":"wp","href":"https:\/\/api.w.org\/{rel}","templated":true}]}}