{"id":60,"date":"2022-09-18T05:34:28","date_gmt":"2022-09-18T01:34:28","guid":{"rendered":"https:\/\/www.villancico.re\/?p=60"},"modified":"2025-06-06T19:06:02","modified_gmt":"2025-06-06T15:06:02","slug":"repertoire","status":"publish","type":"post","link":"https:\/\/www.villancico.re\/index.php\/2022\/09\/18\/repertoire\/","title":{"rendered":"R\u00e9pertoire"},"content":{"rendered":"\n<p>Le r\u00e9pertoire de l&rsquo;Ensemble Vocal Villancico est principalement constitu\u00e9 d&rsquo;\u0153uvres de musique classique, dont beaucoup appartiennent aux p\u00e9riodes allant du Baroque au Romantisme. <br>Mais Villancico pr\u00e9sente \u00e9galement des chants traditionnels, populaires, de No\u00ebl.<br>La diversit\u00e9 de son r\u00e9pertoire passe aussi par la pr\u00e9sentation d&rsquo;\u0153uvres revisit\u00e9es comme la Messe en Sol de Schubert pour ch\u0153ur et solistes, accompagn\u00e9s d&rsquo;un trio Piano, Accord\u00e9on, Fl\u00fbte de Pan.<br>Ces derni\u00e8res ann\u00e9es, le r\u00e9pertoire int\u00e8gre des compositions plus contemporaines, de Bernstein, Rutter, Jenkins, Palmeri.<br>L&rsquo;Ensemble Vocal Villancico marie tradition et nouveaut\u00e9 et se caract\u00e9rise par sa qu\u00eate constante d&rsquo;innovation dans le domaine du chant choral.<br> <\/p>\n","protected":false},"excerpt":{"rendered":"<p>Le r\u00e9pertoire de l&rsquo;Ensemble Vocal Villancico est principalement constitu\u00e9 d&rsquo;\u0153uvres de musique classique, dont beaucoup appartiennent aux p\u00e9riodes allant du Baroque au Romantisme. Mais Villancico pr\u00e9sente \u00e9galement des chants traditionnels, populaires, de No\u00ebl.La diversit\u00e9 de son r\u00e9pertoire passe&#8230; <a class=\"read-more\" href=\"https:\/\/www.villancico.re\/index.php\/2022\/09\/18\/repertoire\/\">Read More<\/a><\/p>\n","protected":false},"author":1,"featured_media":165,"comment_status":"closed","ping_status":"open","sticky":false,"template":"","format":"standard","meta":{"footnotes":""},"categories":[4],"tags":[],"class_list":["post-60","post","type-post","status-publish","format-standard","has-post-thumbnail","hentry","category-presentation"],"yoast_head":"<!-- This site is optimized with the Yoast SEO plugin v26.0 - https:\/\/yoast.com\/wordpress\/plugins\/seo\/ -->\n<title>R\u00e9pertoire - Villancico Choeur \u00eele de la R\u00e9union - Ce site a \u00e9t\u00e9 financ\u00e9 \u00e0 l\u2019aide du FEDER (REACT-UE) dans le cadre de la r\u00e9ponse de l\u2019Union europ\u00e9enne \u00e0 la pand\u00e9mie COVID-19. L\u2019Europe s\u2019engage \u00e0 La R\u00e9union.<\/title>\n<meta name=\"robots\" content=\"noindex, follow\" \/>\n<meta property=\"og:locale\" content=\"fr_FR\" \/>\n<meta property=\"og:type\" content=\"article\" \/>\n<meta property=\"og:title\" content=\"R\u00e9pertoire - Villancico Choeur \u00eele de la R\u00e9union - Ce site a \u00e9t\u00e9 financ\u00e9 \u00e0 l\u2019aide du FEDER (REACT-UE) dans le cadre de la r\u00e9ponse de l\u2019Union europ\u00e9enne \u00e0 la pand\u00e9mie COVID-19. L\u2019Europe s\u2019engage \u00e0 La R\u00e9union.\" \/>\n<meta property=\"og:description\" content=\"Le r\u00e9pertoire de l&rsquo;Ensemble Vocal Villancico est principalement constitu\u00e9 d&rsquo;\u0153uvres de musique classique, dont beaucoup appartiennent aux p\u00e9riodes allant du Baroque au Romantisme. Mais Villancico pr\u00e9sente \u00e9galement des chants traditionnels, populaires, de No\u00ebl.La diversit\u00e9 de son r\u00e9pertoire passe... Read More\" \/>\n<meta property=\"og:url\" content=\"https:\/\/www.villancico.re\/index.php\/2022\/09\/18\/repertoire\/\" \/>\n<meta property=\"og:site_name\" content=\"Villancico Choeur \u00eele de la R\u00e9union - Ce site a \u00e9t\u00e9 financ\u00e9 \u00e0 l\u2019aide du FEDER (REACT-UE) dans le cadre de la r\u00e9ponse de l\u2019Union europ\u00e9enne \u00e0 la pand\u00e9mie COVID-19. L\u2019Europe s\u2019engage \u00e0 La R\u00e9union.\" \/>\n<meta property=\"article:publisher\" content=\"https:\/\/facebook.com\" \/>\n<meta property=\"article:published_time\" content=\"2022-09-18T01:34:28+00:00\" \/>\n<meta property=\"article:modified_time\" content=\"2025-06-06T15:06:02+00:00\" \/>\n<meta property=\"og:image\" content=\"https:\/\/www.villancico.re\/wp-content\/uploads\/2022\/09\/song-7058726_1920.jpg\" \/>\n\t<meta property=\"og:image:width\" content=\"1920\" \/>\n\t<meta property=\"og:image:height\" content=\"1280\" \/>\n\t<meta property=\"og:image:type\" content=\"image\/jpeg\" \/>\n<meta name=\"author\" content=\"Villancico\" \/>\n<meta name=\"twitter:card\" content=\"summary_large_image\" \/>\n<meta name=\"twitter:label1\" content=\"\u00c9crit par\" \/>\n\t<meta name=\"twitter:data1\" content=\"Villancico\" \/>\n\t<meta name=\"twitter:label2\" content=\"Dur\u00e9e de lecture estim\u00e9e\" \/>\n\t<meta name=\"twitter:data2\" content=\"1 minute\" \/>\n<script type=\"application\/ld+json\" class=\"yoast-schema-graph\">{\"@context\":\"https:\/\/schema.org\",\"@graph\":[{\"@type\":\"Article\",\"@id\":\"https:\/\/www.villancico.re\/index.php\/2022\/09\/18\/repertoire\/#article\",\"isPartOf\":{\"@id\":\"https:\/\/www.villancico.re\/index.php\/2022\/09\/18\/repertoire\/\"},\"author\":{\"name\":\"Villancico\",\"@id\":\"https:\/\/www.villancico.re\/#\/schema\/person\/95fc236dcf80cbeca7de7db5c6032e1f\"},\"headline\":\"R\u00e9pertoire\",\"datePublished\":\"2022-09-18T01:34:28+00:00\",\"dateModified\":\"2025-06-06T15:06:02+00:00\",\"mainEntityOfPage\":{\"@id\":\"https:\/\/www.villancico.re\/index.php\/2022\/09\/18\/repertoire\/\"},\"wordCount\":121,\"publisher\":{\"@id\":\"https:\/\/www.villancico.re\/#organization\"},\"image\":{\"@id\":\"https:\/\/www.villancico.re\/index.php\/2022\/09\/18\/repertoire\/#primaryimage\"},\"thumbnailUrl\":\"https:\/\/www.villancico.re\/wp-content\/uploads\/2022\/09\/song-7058726_1920.jpg\",\"articleSection\":[\"Pr\u00e9sentation\"],\"inLanguage\":\"fr-FR\"},{\"@type\":\"WebPage\",\"@id\":\"https:\/\/www.villancico.re\/index.php\/2022\/09\/18\/repertoire\/\",\"url\":\"https:\/\/www.villancico.re\/index.php\/2022\/09\/18\/repertoire\/\",\"name\":\"R\u00e9pertoire - Villancico Choeur \u00eele de la R\u00e9union - Ce site a \u00e9t\u00e9 financ\u00e9 \u00e0 l\u2019aide du FEDER (REACT-UE) dans le cadre de la r\u00e9ponse de l\u2019Union europ\u00e9enne \u00e0 la pand\u00e9mie COVID-19. L\u2019Europe s\u2019engage \u00e0 La R\u00e9union.\",\"isPartOf\":{\"@id\":\"https:\/\/www.villancico.re\/#website\"},\"primaryImageOfPage\":{\"@id\":\"https:\/\/www.villancico.re\/index.php\/2022\/09\/18\/repertoire\/#primaryimage\"},\"image\":{\"@id\":\"https:\/\/www.villancico.re\/index.php\/2022\/09\/18\/repertoire\/#primaryimage\"},\"thumbnailUrl\":\"https:\/\/www.villancico.re\/wp-content\/uploads\/2022\/09\/song-7058726_1920.jpg\",\"datePublished\":\"2022-09-18T01:34:28+00:00\",\"dateModified\":\"2025-06-06T15:06:02+00:00\",\"breadcrumb\":{\"@id\":\"https:\/\/www.villancico.re\/index.php\/2022\/09\/18\/repertoire\/#breadcrumb\"},\"inLanguage\":\"fr-FR\",\"potentialAction\":[{\"@type\":\"ReadAction\",\"target\":[\"https:\/\/www.villancico.re\/index.php\/2022\/09\/18\/repertoire\/\"]}]},{\"@type\":\"ImageObject\",\"inLanguage\":\"fr-FR\",\"@id\":\"https:\/\/www.villancico.re\/index.php\/2022\/09\/18\/repertoire\/#primaryimage\",\"url\":\"https:\/\/www.villancico.re\/wp-content\/uploads\/2022\/09\/song-7058726_1920.jpg\",\"contentUrl\":\"https:\/\/www.villancico.re\/wp-content\/uploads\/2022\/09\/song-7058726_1920.jpg\",\"width\":1920,\"height\":1280},{\"@type\":\"BreadcrumbList\",\"@id\":\"https:\/\/www.villancico.re\/index.php\/2022\/09\/18\/repertoire\/#breadcrumb\",\"itemListElement\":[{\"@type\":\"ListItem\",\"position\":1,\"name\":\"Accueil\",\"item\":\"https:\/\/www.villancico.re\/\"},{\"@type\":\"ListItem\",\"position\":2,\"name\":\"R\u00e9pertoire\"}]},{\"@type\":\"WebSite\",\"@id\":\"https:\/\/www.villancico.re\/#website\",\"url\":\"https:\/\/www.villancico.re\/\",\"name\":\"villancico.re chorale choeur ile de la r\u00e9union 974\",\"description\":\"Ensemble vocal  Villancico\",\"publisher\":{\"@id\":\"https:\/\/www.villancico.re\/#organization\"},\"potentialAction\":[{\"@type\":\"SearchAction\",\"target\":{\"@type\":\"EntryPoint\",\"urlTemplate\":\"https:\/\/www.villancico.re\/?s={search_term_string}\"},\"query-input\":{\"@type\":\"PropertyValueSpecification\",\"valueRequired\":true,\"valueName\":\"search_term_string\"}}],\"inLanguage\":\"fr-FR\"},{\"@type\":\"Organization\",\"@id\":\"https:\/\/www.villancico.re\/#organization\",\"name\":\"villancico.re chorale choeur ile de la r\u00e9union 974\",\"url\":\"https:\/\/www.villancico.re\/\",\"logo\":{\"@type\":\"ImageObject\",\"inLanguage\":\"fr-FR\",\"@id\":\"https:\/\/www.villancico.re\/#\/schema\/logo\/image\/\",\"url\":\"https:\/\/www.villancico.re\/wp-content\/uploads\/2022\/09\/modif-thierry-.png\",\"contentUrl\":\"https:\/\/www.villancico.re\/wp-content\/uploads\/2022\/09\/modif-thierry-.png\",\"width\":400,\"height\":110,\"caption\":\"villancico.re chorale choeur ile de la r\u00e9union 974\"},\"image\":{\"@id\":\"https:\/\/www.villancico.re\/#\/schema\/logo\/image\/\"},\"sameAs\":[\"https:\/\/facebook.com\"]},{\"@type\":\"Person\",\"@id\":\"https:\/\/www.villancico.re\/#\/schema\/person\/95fc236dcf80cbeca7de7db5c6032e1f\",\"name\":\"Villancico\",\"sameAs\":[\"http:\/\/gurevun.cluster031.hosting.ovh.net\"]}]}<\/script>\n<!-- \/ Yoast SEO plugin. -->","yoast_head_json":{"title":"R\u00e9pertoire - Villancico Choeur \u00eele de la R\u00e9union - Ce site a \u00e9t\u00e9 financ\u00e9 \u00e0 l\u2019aide du FEDER (REACT-UE) dans le cadre de la r\u00e9ponse de l\u2019Union europ\u00e9enne \u00e0 la pand\u00e9mie COVID-19. L\u2019Europe s\u2019engage \u00e0 La R\u00e9union.","robots":{"index":"noindex","follow":"follow"},"og_locale":"fr_FR","og_type":"article","og_title":"R\u00e9pertoire - Villancico Choeur \u00eele de la R\u00e9union - Ce site a \u00e9t\u00e9 financ\u00e9 \u00e0 l\u2019aide du FEDER (REACT-UE) dans le cadre de la r\u00e9ponse de l\u2019Union europ\u00e9enne \u00e0 la pand\u00e9mie COVID-19. L\u2019Europe s\u2019engage \u00e0 La R\u00e9union.","og_description":"Le r\u00e9pertoire de l&rsquo;Ensemble Vocal Villancico est principalement constitu\u00e9 d&rsquo;\u0153uvres de musique classique, dont beaucoup appartiennent aux p\u00e9riodes allant du Baroque au Romantisme. Mais Villancico pr\u00e9sente \u00e9galement des chants traditionnels, populaires, de No\u00ebl.La diversit\u00e9 de son r\u00e9pertoire passe... Read More","og_url":"https:\/\/www.villancico.re\/index.php\/2022\/09\/18\/repertoire\/","og_site_name":"Villancico Choeur \u00eele de la R\u00e9union - Ce site a \u00e9t\u00e9 financ\u00e9 \u00e0 l\u2019aide du FEDER (REACT-UE) dans le cadre de la r\u00e9ponse de l\u2019Union europ\u00e9enne \u00e0 la pand\u00e9mie COVID-19. L\u2019Europe s\u2019engage \u00e0 La R\u00e9union.","article_publisher":"https:\/\/facebook.com","article_published_time":"2022-09-18T01:34:28+00:00","article_modified_time":"2025-06-06T15:06:02+00:00","og_image":[{"width":1920,"height":1280,"url":"https:\/\/www.villancico.re\/wp-content\/uploads\/2022\/09\/song-7058726_1920.jpg","type":"image\/jpeg"}],"author":"Villancico","twitter_card":"summary_large_image","twitter_misc":{"\u00c9crit par":"Villancico","Dur\u00e9e de lecture estim\u00e9e":"1 minute"},"schema":{"@context":"https:\/\/schema.org","@graph":[{"@type":"Article","@id":"https:\/\/www.villancico.re\/index.php\/2022\/09\/18\/repertoire\/#article","isPartOf":{"@id":"https:\/\/www.villancico.re\/index.php\/2022\/09\/18\/repertoire\/"},"author":{"name":"Villancico","@id":"https:\/\/www.villancico.re\/#\/schema\/person\/95fc236dcf80cbeca7de7db5c6032e1f"},"headline":"R\u00e9pertoire","datePublished":"2022-09-18T01:34:28+00:00","dateModified":"2025-06-06T15:06:02+00:00","mainEntityOfPage":{"@id":"https:\/\/www.villancico.re\/index.php\/2022\/09\/18\/repertoire\/"},"wordCount":121,"publisher":{"@id":"https:\/\/www.villancico.re\/#organization"},"image":{"@id":"https:\/\/www.villancico.re\/index.php\/2022\/09\/18\/repertoire\/#primaryimage"},"thumbnailUrl":"https:\/\/www.villancico.re\/wp-content\/uploads\/2022\/09\/song-7058726_1920.jpg","articleSection":["Pr\u00e9sentation"],"inLanguage":"fr-FR"},{"@type":"WebPage","@id":"https:\/\/www.villancico.re\/index.php\/2022\/09\/18\/repertoire\/","url":"https:\/\/www.villancico.re\/index.php\/2022\/09\/18\/repertoire\/","name":"R\u00e9pertoire - Villancico Choeur \u00eele de la R\u00e9union - Ce site a \u00e9t\u00e9 financ\u00e9 \u00e0 l\u2019aide du FEDER (REACT-UE) dans le cadre de la r\u00e9ponse de l\u2019Union europ\u00e9enne \u00e0 la pand\u00e9mie COVID-19. L\u2019Europe s\u2019engage \u00e0 La R\u00e9union.","isPartOf":{"@id":"https:\/\/www.villancico.re\/#website"},"primaryImageOfPage":{"@id":"https:\/\/www.villancico.re\/index.php\/2022\/09\/18\/repertoire\/#primaryimage"},"image":{"@id":"https:\/\/www.villancico.re\/index.php\/2022\/09\/18\/repertoire\/#primaryimage"},"thumbnailUrl":"https:\/\/www.villancico.re\/wp-content\/uploads\/2022\/09\/song-7058726_1920.jpg","datePublished":"2022-09-18T01:34:28+00:00","dateModified":"2025-06-06T15:06:02+00:00","breadcrumb":{"@id":"https:\/\/www.villancico.re\/index.php\/2022\/09\/18\/repertoire\/#breadcrumb"},"inLanguage":"fr-FR","potentialAction":[{"@type":"ReadAction","target":["https:\/\/www.villancico.re\/index.php\/2022\/09\/18\/repertoire\/"]}]},{"@type":"ImageObject","inLanguage":"fr-FR","@id":"https:\/\/www.villancico.re\/index.php\/2022\/09\/18\/repertoire\/#primaryimage","url":"https:\/\/www.villancico.re\/wp-content\/uploads\/2022\/09\/song-7058726_1920.jpg","contentUrl":"https:\/\/www.villancico.re\/wp-content\/uploads\/2022\/09\/song-7058726_1920.jpg","width":1920,"height":1280},{"@type":"BreadcrumbList","@id":"https:\/\/www.villancico.re\/index.php\/2022\/09\/18\/repertoire\/#breadcrumb","itemListElement":[{"@type":"ListItem","position":1,"name":"Accueil","item":"https:\/\/www.villancico.re\/"},{"@type":"ListItem","position":2,"name":"R\u00e9pertoire"}]},{"@type":"WebSite","@id":"https:\/\/www.villancico.re\/#website","url":"https:\/\/www.villancico.re\/","name":"villancico.re chorale choeur ile de la r\u00e9union 974","description":"Ensemble vocal  Villancico","publisher":{"@id":"https:\/\/www.villancico.re\/#organization"},"potentialAction":[{"@type":"SearchAction","target":{"@type":"EntryPoint","urlTemplate":"https:\/\/www.villancico.re\/?s={search_term_string}"},"query-input":{"@type":"PropertyValueSpecification","valueRequired":true,"valueName":"search_term_string"}}],"inLanguage":"fr-FR"},{"@type":"Organization","@id":"https:\/\/www.villancico.re\/#organization","name":"villancico.re chorale choeur ile de la r\u00e9union 974","url":"https:\/\/www.villancico.re\/","logo":{"@type":"ImageObject","inLanguage":"fr-FR","@id":"https:\/\/www.villancico.re\/#\/schema\/logo\/image\/","url":"https:\/\/www.villancico.re\/wp-content\/uploads\/2022\/09\/modif-thierry-.png","contentUrl":"https:\/\/www.villancico.re\/wp-content\/uploads\/2022\/09\/modif-thierry-.png","width":400,"height":110,"caption":"villancico.re chorale choeur ile de la r\u00e9union 974"},"image":{"@id":"https:\/\/www.villancico.re\/#\/schema\/logo\/image\/"},"sameAs":["https:\/\/facebook.com"]},{"@type":"Person","@id":"https:\/\/www.villancico.re\/#\/schema\/person\/95fc236dcf80cbeca7de7db5c6032e1f","name":"Villancico","sameAs":["http:\/\/gurevun.cluster031.hosting.ovh.net"]}]}},"_links":{"self":[{"href":"https:\/\/www.villancico.re\/index.php\/wp-json\/wp\/v2\/posts\/60","targetHints":{"allow":["GET"]}}],"collection":[{"href":"https:\/\/www.villancico.re\/index.php\/wp-json\/wp\/v2\/posts"}],"about":[{"href":"https:\/\/www.villancico.re\/index.php\/wp-json\/wp\/v2\/types\/post"}],"author":[{"embeddable":true,"href":"https:\/\/www.villancico.re\/index.php\/wp-json\/wp\/v2\/users\/1"}],"replies":[{"embeddable":true,"href":"https:\/\/www.villancico.re\/index.php\/wp-json\/wp\/v2\/comments?post=60"}],"version-history":[{"count":4,"href":"https:\/\/www.villancico.re\/index.php\/wp-json\/wp\/v2\/posts\/60\/revisions"}],"predecessor-version":[{"id":1344,"href":"https:\/\/www.villancico.re\/index.php\/wp-json\/wp\/v2\/posts\/60\/revisions\/1344"}],"wp:featuredmedia":[{"embeddable":true,"href":"https:\/\/www.villancico.re\/index.php\/wp-json\/wp\/v2\/media\/165"}],"wp:attachment":[{"href":"https:\/\/www.villancico.re\/index.php\/wp-json\/wp\/v2\/media?parent=60"}],"wp:term":[{"taxonomy":"category","embeddable":true,"href":"https:\/\/www.villancico.re\/index.php\/wp-json\/wp\/v2\/categories?post=60"},{"taxonomy":"post_tag","embeddable":true,"href":"https:\/\/www.villancico.re\/index.php\/wp-json\/wp\/v2\/tags?post=60"}],"curies":[{"name":"wp","href":"https:\/\/api.w.org\/{rel}","templated":true}]}}