{"id":641,"date":"2023-05-26T15:27:03","date_gmt":"2023-05-26T11:27:03","guid":{"rendered":"https:\/\/www.villancico.re\/?p=641"},"modified":"2023-05-26T15:48:49","modified_gmt":"2023-05-26T11:48:49","slug":"annee-2019","status":"publish","type":"post","link":"https:\/\/www.villancico.re\/index.php\/2023\/05\/26\/annee-2019\/","title":{"rendered":"ANNEE 2019"},"content":{"rendered":"\n<figure class=\"wp-block-image size-large\"><img fetchpriority=\"high\" decoding=\"async\" width=\"747\" height=\"1024\" src=\"https:\/\/www.villancico.re\/wp-content\/uploads\/2023\/05\/affiche-concert-de-noel-2019_page-0001-747x1024.jpg\" alt=\"\" class=\"wp-image-632\" srcset=\"https:\/\/www.villancico.re\/wp-content\/uploads\/2023\/05\/affiche-concert-de-noel-2019_page-0001-747x1024.jpg 747w, https:\/\/www.villancico.re\/wp-content\/uploads\/2023\/05\/affiche-concert-de-noel-2019_page-0001-219x300.jpg 219w, https:\/\/www.villancico.re\/wp-content\/uploads\/2023\/05\/affiche-concert-de-noel-2019_page-0001-768x1053.jpg 768w, https:\/\/www.villancico.re\/wp-content\/uploads\/2023\/05\/affiche-concert-de-noel-2019_page-0001-467x640.jpg 467w, https:\/\/www.villancico.re\/wp-content\/uploads\/2023\/05\/affiche-concert-de-noel-2019_page-0001.jpg 869w\" sizes=\"(max-width: 747px) 100vw, 747px\" \/><\/figure>\n\n\n\n<div style=\"height:100px\" aria-hidden=\"true\" class=\"wp-block-spacer\"><\/div>\n\n\n\n<p class=\"has-large-font-size\">PROGRAMME DES CONCERTS DE NO\u00cbL 2019<\/p>\n\n\n\n<figure class=\"wp-block-image size-large\"><img decoding=\"async\" width=\"724\" height=\"1024\" src=\"https:\/\/www.villancico.re\/wp-content\/uploads\/2023\/05\/MAQUETTE-PROGRAMMES-concert-Noel-2019-724x1024.jpg\" alt=\"\" class=\"wp-image-633\" srcset=\"https:\/\/www.villancico.re\/wp-content\/uploads\/2023\/05\/MAQUETTE-PROGRAMMES-concert-Noel-2019-724x1024.jpg 724w, https:\/\/www.villancico.re\/wp-content\/uploads\/2023\/05\/MAQUETTE-PROGRAMMES-concert-Noel-2019-212x300.jpg 212w, https:\/\/www.villancico.re\/wp-content\/uploads\/2023\/05\/MAQUETTE-PROGRAMMES-concert-Noel-2019-768x1087.jpg 768w, https:\/\/www.villancico.re\/wp-content\/uploads\/2023\/05\/MAQUETTE-PROGRAMMES-concert-Noel-2019-452x640.jpg 452w, https:\/\/www.villancico.re\/wp-content\/uploads\/2023\/05\/MAQUETTE-PROGRAMMES-concert-Noel-2019.jpg 1058w\" sizes=\"(max-width: 724px) 100vw, 724px\" \/><\/figure>\n","protected":false},"excerpt":{"rendered":"<p>PROGRAMME DES CONCERTS DE NO\u00cbL 2019<\/p>\n","protected":false},"author":5,"featured_media":0,"comment_status":"closed","ping_status":"closed","sticky":false,"template":"","format":"standard","meta":{"footnotes":""},"categories":[7],"tags":[],"class_list":["post-641","post","type-post","status-publish","format-standard","hentry","category-productions"],"yoast_head":"<!-- This site is optimized with the Yoast SEO plugin v26.0 - https:\/\/yoast.com\/wordpress\/plugins\/seo\/ -->\n<title>ANNEE 2019 - Villancico Choeur \u00eele de la R\u00e9union - Ce site a \u00e9t\u00e9 financ\u00e9 \u00e0 l\u2019aide du FEDER (REACT-UE) dans le cadre de la r\u00e9ponse de l\u2019Union europ\u00e9enne \u00e0 la pand\u00e9mie COVID-19. L\u2019Europe s\u2019engage \u00e0 La R\u00e9union.<\/title>\n<meta name=\"robots\" content=\"noindex, follow\" \/>\n<meta property=\"og:locale\" content=\"fr_FR\" \/>\n<meta property=\"og:type\" content=\"article\" \/>\n<meta property=\"og:title\" content=\"ANNEE 2019 - Villancico Choeur \u00eele de la R\u00e9union - Ce site a \u00e9t\u00e9 financ\u00e9 \u00e0 l\u2019aide du FEDER (REACT-UE) dans le cadre de la r\u00e9ponse de l\u2019Union europ\u00e9enne \u00e0 la pand\u00e9mie COVID-19. L\u2019Europe s\u2019engage \u00e0 La R\u00e9union.\" \/>\n<meta property=\"og:description\" content=\"PROGRAMME DES CONCERTS DE NO\u00cbL 2019\" \/>\n<meta property=\"og:url\" content=\"https:\/\/www.villancico.re\/index.php\/2023\/05\/26\/annee-2019\/\" \/>\n<meta property=\"og:site_name\" content=\"Villancico Choeur \u00eele de la R\u00e9union - Ce site a \u00e9t\u00e9 financ\u00e9 \u00e0 l\u2019aide du FEDER (REACT-UE) dans le cadre de la r\u00e9ponse de l\u2019Union europ\u00e9enne \u00e0 la pand\u00e9mie COVID-19. L\u2019Europe s\u2019engage \u00e0 La R\u00e9union.\" \/>\n<meta property=\"article:publisher\" content=\"https:\/\/facebook.com\" \/>\n<meta property=\"article:published_time\" content=\"2023-05-26T11:27:03+00:00\" \/>\n<meta property=\"article:modified_time\" content=\"2023-05-26T11:48:49+00:00\" \/>\n<meta property=\"og:image\" content=\"https:\/\/www.villancico.re\/wp-content\/uploads\/2023\/05\/affiche-concert-de-noel-2019_page-0001-747x1024.jpg\" \/>\n<meta name=\"author\" content=\"Bernard\" \/>\n<meta name=\"twitter:card\" content=\"summary_large_image\" \/>\n<meta name=\"twitter:label1\" content=\"\u00c9crit par\" \/>\n\t<meta name=\"twitter:data1\" content=\"Bernard\" \/>\n\t<meta name=\"twitter:label2\" content=\"Dur\u00e9e de lecture estim\u00e9e\" \/>\n\t<meta name=\"twitter:data2\" content=\"1 minute\" \/>\n<script type=\"application\/ld+json\" class=\"yoast-schema-graph\">{\"@context\":\"https:\/\/schema.org\",\"@graph\":[{\"@type\":\"Article\",\"@id\":\"https:\/\/www.villancico.re\/index.php\/2023\/05\/26\/annee-2019\/#article\",\"isPartOf\":{\"@id\":\"https:\/\/www.villancico.re\/index.php\/2023\/05\/26\/annee-2019\/\"},\"author\":{\"name\":\"Bernard\",\"@id\":\"https:\/\/www.villancico.re\/#\/schema\/person\/8432e22dbeb10a5aea671a002c13da6a\"},\"headline\":\"ANNEE 2019\",\"datePublished\":\"2023-05-26T11:27:03+00:00\",\"dateModified\":\"2023-05-26T11:48:49+00:00\",\"mainEntityOfPage\":{\"@id\":\"https:\/\/www.villancico.re\/index.php\/2023\/05\/26\/annee-2019\/\"},\"wordCount\":7,\"publisher\":{\"@id\":\"https:\/\/www.villancico.re\/#organization\"},\"image\":{\"@id\":\"https:\/\/www.villancico.re\/index.php\/2023\/05\/26\/annee-2019\/#primaryimage\"},\"thumbnailUrl\":\"https:\/\/www.villancico.re\/wp-content\/uploads\/2023\/05\/affiche-concert-de-noel-2019_page-0001-747x1024.jpg\",\"articleSection\":[\"Productions\"],\"inLanguage\":\"fr-FR\"},{\"@type\":\"WebPage\",\"@id\":\"https:\/\/www.villancico.re\/index.php\/2023\/05\/26\/annee-2019\/\",\"url\":\"https:\/\/www.villancico.re\/index.php\/2023\/05\/26\/annee-2019\/\",\"name\":\"ANNEE 2019 - Villancico Choeur \u00eele de la R\u00e9union - Ce site a \u00e9t\u00e9 financ\u00e9 \u00e0 l\u2019aide du FEDER (REACT-UE) dans le cadre de la r\u00e9ponse de l\u2019Union europ\u00e9enne \u00e0 la pand\u00e9mie COVID-19. L\u2019Europe s\u2019engage \u00e0 La R\u00e9union.\",\"isPartOf\":{\"@id\":\"https:\/\/www.villancico.re\/#website\"},\"primaryImageOfPage\":{\"@id\":\"https:\/\/www.villancico.re\/index.php\/2023\/05\/26\/annee-2019\/#primaryimage\"},\"image\":{\"@id\":\"https:\/\/www.villancico.re\/index.php\/2023\/05\/26\/annee-2019\/#primaryimage\"},\"thumbnailUrl\":\"https:\/\/www.villancico.re\/wp-content\/uploads\/2023\/05\/affiche-concert-de-noel-2019_page-0001-747x1024.jpg\",\"datePublished\":\"2023-05-26T11:27:03+00:00\",\"dateModified\":\"2023-05-26T11:48:49+00:00\",\"breadcrumb\":{\"@id\":\"https:\/\/www.villancico.re\/index.php\/2023\/05\/26\/annee-2019\/#breadcrumb\"},\"inLanguage\":\"fr-FR\",\"potentialAction\":[{\"@type\":\"ReadAction\",\"target\":[\"https:\/\/www.villancico.re\/index.php\/2023\/05\/26\/annee-2019\/\"]}]},{\"@type\":\"ImageObject\",\"inLanguage\":\"fr-FR\",\"@id\":\"https:\/\/www.villancico.re\/index.php\/2023\/05\/26\/annee-2019\/#primaryimage\",\"url\":\"https:\/\/www.villancico.re\/wp-content\/uploads\/2023\/05\/affiche-concert-de-noel-2019_page-0001.jpg\",\"contentUrl\":\"https:\/\/www.villancico.re\/wp-content\/uploads\/2023\/05\/affiche-concert-de-noel-2019_page-0001.jpg\",\"width\":869,\"height\":1191},{\"@type\":\"BreadcrumbList\",\"@id\":\"https:\/\/www.villancico.re\/index.php\/2023\/05\/26\/annee-2019\/#breadcrumb\",\"itemListElement\":[{\"@type\":\"ListItem\",\"position\":1,\"name\":\"Accueil\",\"item\":\"https:\/\/www.villancico.re\/\"},{\"@type\":\"ListItem\",\"position\":2,\"name\":\"ANNEE 2019\"}]},{\"@type\":\"WebSite\",\"@id\":\"https:\/\/www.villancico.re\/#website\",\"url\":\"https:\/\/www.villancico.re\/\",\"name\":\"villancico.re chorale choeur ile de la r\u00e9union 974\",\"description\":\"Ensemble vocal  Villancico\",\"publisher\":{\"@id\":\"https:\/\/www.villancico.re\/#organization\"},\"potentialAction\":[{\"@type\":\"SearchAction\",\"target\":{\"@type\":\"EntryPoint\",\"urlTemplate\":\"https:\/\/www.villancico.re\/?s={search_term_string}\"},\"query-input\":{\"@type\":\"PropertyValueSpecification\",\"valueRequired\":true,\"valueName\":\"search_term_string\"}}],\"inLanguage\":\"fr-FR\"},{\"@type\":\"Organization\",\"@id\":\"https:\/\/www.villancico.re\/#organization\",\"name\":\"villancico.re chorale choeur ile de la r\u00e9union 974\",\"url\":\"https:\/\/www.villancico.re\/\",\"logo\":{\"@type\":\"ImageObject\",\"inLanguage\":\"fr-FR\",\"@id\":\"https:\/\/www.villancico.re\/#\/schema\/logo\/image\/\",\"url\":\"https:\/\/www.villancico.re\/wp-content\/uploads\/2022\/09\/modif-thierry-.png\",\"contentUrl\":\"https:\/\/www.villancico.re\/wp-content\/uploads\/2022\/09\/modif-thierry-.png\",\"width\":400,\"height\":110,\"caption\":\"villancico.re chorale choeur ile de la r\u00e9union 974\"},\"image\":{\"@id\":\"https:\/\/www.villancico.re\/#\/schema\/logo\/image\/\"},\"sameAs\":[\"https:\/\/facebook.com\"]},{\"@type\":\"Person\",\"@id\":\"https:\/\/www.villancico.re\/#\/schema\/person\/8432e22dbeb10a5aea671a002c13da6a\",\"name\":\"Bernard\",\"sameAs\":[\"http:\/\/villancico.re\"]}]}<\/script>\n<!-- \/ Yoast SEO plugin. -->","yoast_head_json":{"title":"ANNEE 2019 - Villancico Choeur \u00eele de la R\u00e9union - Ce site a \u00e9t\u00e9 financ\u00e9 \u00e0 l\u2019aide du FEDER (REACT-UE) dans le cadre de la r\u00e9ponse de l\u2019Union europ\u00e9enne \u00e0 la pand\u00e9mie COVID-19. L\u2019Europe s\u2019engage \u00e0 La R\u00e9union.","robots":{"index":"noindex","follow":"follow"},"og_locale":"fr_FR","og_type":"article","og_title":"ANNEE 2019 - Villancico Choeur \u00eele de la R\u00e9union - Ce site a \u00e9t\u00e9 financ\u00e9 \u00e0 l\u2019aide du FEDER (REACT-UE) dans le cadre de la r\u00e9ponse de l\u2019Union europ\u00e9enne \u00e0 la pand\u00e9mie COVID-19. L\u2019Europe s\u2019engage \u00e0 La R\u00e9union.","og_description":"PROGRAMME DES CONCERTS DE NO\u00cbL 2019","og_url":"https:\/\/www.villancico.re\/index.php\/2023\/05\/26\/annee-2019\/","og_site_name":"Villancico Choeur \u00eele de la R\u00e9union - Ce site a \u00e9t\u00e9 financ\u00e9 \u00e0 l\u2019aide du FEDER (REACT-UE) dans le cadre de la r\u00e9ponse de l\u2019Union europ\u00e9enne \u00e0 la pand\u00e9mie COVID-19. L\u2019Europe s\u2019engage \u00e0 La R\u00e9union.","article_publisher":"https:\/\/facebook.com","article_published_time":"2023-05-26T11:27:03+00:00","article_modified_time":"2023-05-26T11:48:49+00:00","og_image":[{"url":"https:\/\/www.villancico.re\/wp-content\/uploads\/2023\/05\/affiche-concert-de-noel-2019_page-0001-747x1024.jpg","type":"","width":"","height":""}],"author":"Bernard","twitter_card":"summary_large_image","twitter_misc":{"\u00c9crit par":"Bernard","Dur\u00e9e de lecture estim\u00e9e":"1 minute"},"schema":{"@context":"https:\/\/schema.org","@graph":[{"@type":"Article","@id":"https:\/\/www.villancico.re\/index.php\/2023\/05\/26\/annee-2019\/#article","isPartOf":{"@id":"https:\/\/www.villancico.re\/index.php\/2023\/05\/26\/annee-2019\/"},"author":{"name":"Bernard","@id":"https:\/\/www.villancico.re\/#\/schema\/person\/8432e22dbeb10a5aea671a002c13da6a"},"headline":"ANNEE 2019","datePublished":"2023-05-26T11:27:03+00:00","dateModified":"2023-05-26T11:48:49+00:00","mainEntityOfPage":{"@id":"https:\/\/www.villancico.re\/index.php\/2023\/05\/26\/annee-2019\/"},"wordCount":7,"publisher":{"@id":"https:\/\/www.villancico.re\/#organization"},"image":{"@id":"https:\/\/www.villancico.re\/index.php\/2023\/05\/26\/annee-2019\/#primaryimage"},"thumbnailUrl":"https:\/\/www.villancico.re\/wp-content\/uploads\/2023\/05\/affiche-concert-de-noel-2019_page-0001-747x1024.jpg","articleSection":["Productions"],"inLanguage":"fr-FR"},{"@type":"WebPage","@id":"https:\/\/www.villancico.re\/index.php\/2023\/05\/26\/annee-2019\/","url":"https:\/\/www.villancico.re\/index.php\/2023\/05\/26\/annee-2019\/","name":"ANNEE 2019 - Villancico Choeur \u00eele de la R\u00e9union - Ce site a \u00e9t\u00e9 financ\u00e9 \u00e0 l\u2019aide du FEDER (REACT-UE) dans le cadre de la r\u00e9ponse de l\u2019Union europ\u00e9enne \u00e0 la pand\u00e9mie COVID-19. L\u2019Europe s\u2019engage \u00e0 La R\u00e9union.","isPartOf":{"@id":"https:\/\/www.villancico.re\/#website"},"primaryImageOfPage":{"@id":"https:\/\/www.villancico.re\/index.php\/2023\/05\/26\/annee-2019\/#primaryimage"},"image":{"@id":"https:\/\/www.villancico.re\/index.php\/2023\/05\/26\/annee-2019\/#primaryimage"},"thumbnailUrl":"https:\/\/www.villancico.re\/wp-content\/uploads\/2023\/05\/affiche-concert-de-noel-2019_page-0001-747x1024.jpg","datePublished":"2023-05-26T11:27:03+00:00","dateModified":"2023-05-26T11:48:49+00:00","breadcrumb":{"@id":"https:\/\/www.villancico.re\/index.php\/2023\/05\/26\/annee-2019\/#breadcrumb"},"inLanguage":"fr-FR","potentialAction":[{"@type":"ReadAction","target":["https:\/\/www.villancico.re\/index.php\/2023\/05\/26\/annee-2019\/"]}]},{"@type":"ImageObject","inLanguage":"fr-FR","@id":"https:\/\/www.villancico.re\/index.php\/2023\/05\/26\/annee-2019\/#primaryimage","url":"https:\/\/www.villancico.re\/wp-content\/uploads\/2023\/05\/affiche-concert-de-noel-2019_page-0001.jpg","contentUrl":"https:\/\/www.villancico.re\/wp-content\/uploads\/2023\/05\/affiche-concert-de-noel-2019_page-0001.jpg","width":869,"height":1191},{"@type":"BreadcrumbList","@id":"https:\/\/www.villancico.re\/index.php\/2023\/05\/26\/annee-2019\/#breadcrumb","itemListElement":[{"@type":"ListItem","position":1,"name":"Accueil","item":"https:\/\/www.villancico.re\/"},{"@type":"ListItem","position":2,"name":"ANNEE 2019"}]},{"@type":"WebSite","@id":"https:\/\/www.villancico.re\/#website","url":"https:\/\/www.villancico.re\/","name":"villancico.re chorale choeur ile de la r\u00e9union 974","description":"Ensemble vocal  Villancico","publisher":{"@id":"https:\/\/www.villancico.re\/#organization"},"potentialAction":[{"@type":"SearchAction","target":{"@type":"EntryPoint","urlTemplate":"https:\/\/www.villancico.re\/?s={search_term_string}"},"query-input":{"@type":"PropertyValueSpecification","valueRequired":true,"valueName":"search_term_string"}}],"inLanguage":"fr-FR"},{"@type":"Organization","@id":"https:\/\/www.villancico.re\/#organization","name":"villancico.re chorale choeur ile de la r\u00e9union 974","url":"https:\/\/www.villancico.re\/","logo":{"@type":"ImageObject","inLanguage":"fr-FR","@id":"https:\/\/www.villancico.re\/#\/schema\/logo\/image\/","url":"https:\/\/www.villancico.re\/wp-content\/uploads\/2022\/09\/modif-thierry-.png","contentUrl":"https:\/\/www.villancico.re\/wp-content\/uploads\/2022\/09\/modif-thierry-.png","width":400,"height":110,"caption":"villancico.re chorale choeur ile de la r\u00e9union 974"},"image":{"@id":"https:\/\/www.villancico.re\/#\/schema\/logo\/image\/"},"sameAs":["https:\/\/facebook.com"]},{"@type":"Person","@id":"https:\/\/www.villancico.re\/#\/schema\/person\/8432e22dbeb10a5aea671a002c13da6a","name":"Bernard","sameAs":["http:\/\/villancico.re"]}]}},"_links":{"self":[{"href":"https:\/\/www.villancico.re\/index.php\/wp-json\/wp\/v2\/posts\/641","targetHints":{"allow":["GET"]}}],"collection":[{"href":"https:\/\/www.villancico.re\/index.php\/wp-json\/wp\/v2\/posts"}],"about":[{"href":"https:\/\/www.villancico.re\/index.php\/wp-json\/wp\/v2\/types\/post"}],"author":[{"embeddable":true,"href":"https:\/\/www.villancico.re\/index.php\/wp-json\/wp\/v2\/users\/5"}],"replies":[{"embeddable":true,"href":"https:\/\/www.villancico.re\/index.php\/wp-json\/wp\/v2\/comments?post=641"}],"version-history":[{"count":2,"href":"https:\/\/www.villancico.re\/index.php\/wp-json\/wp\/v2\/posts\/641\/revisions"}],"predecessor-version":[{"id":644,"href":"https:\/\/www.villancico.re\/index.php\/wp-json\/wp\/v2\/posts\/641\/revisions\/644"}],"wp:attachment":[{"href":"https:\/\/www.villancico.re\/index.php\/wp-json\/wp\/v2\/media?parent=641"}],"wp:term":[{"taxonomy":"category","embeddable":true,"href":"https:\/\/www.villancico.re\/index.php\/wp-json\/wp\/v2\/categories?post=641"},{"taxonomy":"post_tag","embeddable":true,"href":"https:\/\/www.villancico.re\/index.php\/wp-json\/wp\/v2\/tags?post=641"}],"curies":[{"name":"wp","href":"https:\/\/api.w.org\/{rel}","templated":true}]}}