{"id":72,"date":"2022-09-18T05:38:51","date_gmt":"2022-09-18T01:38:51","guid":{"rendered":"https:\/\/www.villancico.re\/?p=72"},"modified":"2023-11-29T11:32:54","modified_gmt":"2023-11-29T07:32:54","slug":"concert-2022","status":"publish","type":"post","link":"https:\/\/www.villancico.re\/index.php\/2022\/09\/18\/concert-2022\/","title":{"rendered":"ANNEE 2022"},"content":{"rendered":"\n<div class=\"wp-block-group has-cyan-bluish-gray-background-color has-background\"><div class=\"wp-block-group__inner-container is-layout-constrained wp-block-group-is-layout-constrained\">\n<p><strong>Messe pour la Paix<\/strong><\/p>\n\n\n\n<figure class=\"wp-block-image size-large\"><img fetchpriority=\"high\" decoding=\"async\" width=\"724\" height=\"1024\" src=\"https:\/\/www.villancico.re\/wp-content\/uploads\/2021\/10\/AFFICHE_2022_19091919_1754x2480-e1663877942204-724x1024.jpg\" alt=\"\" class=\"wp-image-200\" srcset=\"https:\/\/www.villancico.re\/wp-content\/uploads\/2021\/10\/AFFICHE_2022_19091919_1754x2480-e1663877942204-724x1024.jpg 724w, https:\/\/www.villancico.re\/wp-content\/uploads\/2021\/10\/AFFICHE_2022_19091919_1754x2480-e1663877942204-212x300.jpg 212w, https:\/\/www.villancico.re\/wp-content\/uploads\/2021\/10\/AFFICHE_2022_19091919_1754x2480-e1663877942204-453x640.jpg 453w, https:\/\/www.villancico.re\/wp-content\/uploads\/2021\/10\/AFFICHE_2022_19091919_1754x2480-e1663877942204.jpg 764w\" sizes=\"(max-width: 724px) 100vw, 724px\" \/><\/figure>\n\n\n\n<hr class=\"wp-block-separator has-alpha-channel-opacity\"\/>\n\n\n\n<p>Cette ann\u00e9e, le choeur Villancico a choisi de proposer une oeuvre contemporaine de Karl Jenkins, compos\u00e9e en 1999&nbsp;:&nbsp;<em>The Armed Man, Messe pour la Paix .&nbsp;<\/em>C&rsquo;est une ode \u00e0 la Paix qui atteint l&rsquo;universalit\u00e9 au travers des textes choisis par Guy Wilson (divers pays, \u00e9poques et religions). Elle est structur\u00e9e par les \u00e9l\u00e9ments traditionnels de l&rsquo;ordinaire de la messe latine et Jenkins y multiplie les r\u00e9f\u00e9rences musicales&nbsp;: polyphonie renaissance, baroque, chant&nbsp;gr\u00e9goriens, choral protestant et composition contemporaine. Les textes sont&nbsp;d\u2019origine biblique (des&nbsp;<a href=\"https:\/\/fr.wikipedia.org\/wiki\/Psaume\" target=\"_blank\" rel=\"noreferrer noopener\">psaumes<\/a>), chr\u00e9tienne (l\u2019<a href=\"https:\/\/fr.wikipedia.org\/wiki\/Ordinaire_de_la_messe\" target=\"_blank\" rel=\"noreferrer noopener\">ordinaire de la messe<\/a>), ainsi que des textes de&nbsp;<a href=\"https:\/\/fr.wikipedia.org\/wiki\/Rudyard_Kipling\" target=\"_blank\" rel=\"noreferrer noopener\">Rudyard Kipling<\/a>, d&rsquo;Alfred Tennyson, de&nbsp;Toge Sankichi, survivant d&rsquo;Hiroshima,&nbsp;ou&nbsp;encore des extraits du Mahabharata. L&rsquo;oeuvre d\u00e9fend des valeurs humanistes.<\/p>\n\n\n\n<p>Cette oeuvre est une messe pour la paix mondialement interpr\u00e9t\u00e9e, qui exprime successivement la mont\u00e9e de la peur, la construction d&rsquo;un conflit et l&rsquo;av\u00e8nement d&rsquo;espoir pour l&rsquo;avenir. Cette Messe, incroyable construction autant rationnelle qu&rsquo;\u00e9motionnelle, nous emm\u00e8ne au plus profond de nous-m\u00eame.<\/p>\n<\/div><\/div>\n","protected":false},"excerpt":{"rendered":"<p>Messe pour la Paix Cette ann\u00e9e, le choeur Villancico a choisi de proposer une oeuvre contemporaine de Karl Jenkins, compos\u00e9e en 1999&nbsp;:&nbsp;The Armed Man, Messe pour la Paix .&nbsp;C&rsquo;est une ode \u00e0 la Paix qui atteint l&rsquo;universalit\u00e9 au&#8230; <a class=\"read-more\" href=\"https:\/\/www.villancico.re\/index.php\/2022\/09\/18\/concert-2022\/\">Read More<\/a><\/p>\n","protected":false},"author":1,"featured_media":0,"comment_status":"closed","ping_status":"open","sticky":false,"template":"","format":"standard","meta":{"footnotes":""},"categories":[7],"tags":[],"class_list":["post-72","post","type-post","status-publish","format-standard","hentry","category-productions"],"yoast_head":"<!-- This site is optimized with the Yoast SEO plugin v26.0 - https:\/\/yoast.com\/wordpress\/plugins\/seo\/ -->\n<title>ANNEE 2022 - Villancico Choeur \u00eele de la R\u00e9union - Ce site a \u00e9t\u00e9 financ\u00e9 \u00e0 l\u2019aide du FEDER (REACT-UE) dans le cadre de la r\u00e9ponse de l\u2019Union europ\u00e9enne \u00e0 la pand\u00e9mie COVID-19. L\u2019Europe s\u2019engage \u00e0 La R\u00e9union.<\/title>\n<meta name=\"robots\" content=\"noindex, follow\" \/>\n<meta property=\"og:locale\" content=\"fr_FR\" \/>\n<meta property=\"og:type\" content=\"article\" \/>\n<meta property=\"og:title\" content=\"ANNEE 2022 - Villancico Choeur \u00eele de la R\u00e9union - Ce site a \u00e9t\u00e9 financ\u00e9 \u00e0 l\u2019aide du FEDER (REACT-UE) dans le cadre de la r\u00e9ponse de l\u2019Union europ\u00e9enne \u00e0 la pand\u00e9mie COVID-19. L\u2019Europe s\u2019engage \u00e0 La R\u00e9union.\" \/>\n<meta property=\"og:description\" content=\"Messe pour la Paix Cette ann\u00e9e, le choeur Villancico a choisi de proposer une oeuvre contemporaine de Karl Jenkins, compos\u00e9e en 1999&nbsp;:&nbsp;The Armed Man, Messe pour la Paix .&nbsp;C&rsquo;est une ode \u00e0 la Paix qui atteint l&rsquo;universalit\u00e9 au... Read More\" \/>\n<meta property=\"og:url\" content=\"https:\/\/www.villancico.re\/index.php\/2022\/09\/18\/concert-2022\/\" \/>\n<meta property=\"og:site_name\" content=\"Villancico Choeur \u00eele de la R\u00e9union - Ce site a \u00e9t\u00e9 financ\u00e9 \u00e0 l\u2019aide du FEDER (REACT-UE) dans le cadre de la r\u00e9ponse de l\u2019Union europ\u00e9enne \u00e0 la pand\u00e9mie COVID-19. L\u2019Europe s\u2019engage \u00e0 La R\u00e9union.\" \/>\n<meta property=\"article:publisher\" content=\"https:\/\/facebook.com\" \/>\n<meta property=\"article:published_time\" content=\"2022-09-18T01:38:51+00:00\" \/>\n<meta property=\"article:modified_time\" content=\"2023-11-29T07:32:54+00:00\" \/>\n<meta property=\"og:image\" content=\"https:\/\/www.villancico.re\/wp-content\/uploads\/2021\/10\/AFFICHE_2022_19091919_1754x2480-e1663877942204-724x1024.jpg\" \/>\n<meta name=\"author\" content=\"Villancico\" \/>\n<meta name=\"twitter:card\" content=\"summary_large_image\" \/>\n<meta name=\"twitter:label1\" content=\"\u00c9crit par\" \/>\n\t<meta name=\"twitter:data1\" content=\"Villancico\" \/>\n\t<meta name=\"twitter:label2\" content=\"Dur\u00e9e de lecture estim\u00e9e\" \/>\n\t<meta name=\"twitter:data2\" content=\"2 minutes\" \/>\n<script type=\"application\/ld+json\" class=\"yoast-schema-graph\">{\"@context\":\"https:\/\/schema.org\",\"@graph\":[{\"@type\":\"Article\",\"@id\":\"https:\/\/www.villancico.re\/index.php\/2022\/09\/18\/concert-2022\/#article\",\"isPartOf\":{\"@id\":\"https:\/\/www.villancico.re\/index.php\/2022\/09\/18\/concert-2022\/\"},\"author\":{\"name\":\"Villancico\",\"@id\":\"https:\/\/www.villancico.re\/#\/schema\/person\/95fc236dcf80cbeca7de7db5c6032e1f\"},\"headline\":\"ANNEE 2022\",\"datePublished\":\"2022-09-18T01:38:51+00:00\",\"dateModified\":\"2023-11-29T07:32:54+00:00\",\"mainEntityOfPage\":{\"@id\":\"https:\/\/www.villancico.re\/index.php\/2022\/09\/18\/concert-2022\/\"},\"wordCount\":187,\"publisher\":{\"@id\":\"https:\/\/www.villancico.re\/#organization\"},\"image\":{\"@id\":\"https:\/\/www.villancico.re\/index.php\/2022\/09\/18\/concert-2022\/#primaryimage\"},\"thumbnailUrl\":\"https:\/\/www.villancico.re\/wp-content\/uploads\/2021\/10\/AFFICHE_2022_19091919_1754x2480-e1663877942204-724x1024.jpg\",\"articleSection\":[\"Productions\"],\"inLanguage\":\"fr-FR\"},{\"@type\":\"WebPage\",\"@id\":\"https:\/\/www.villancico.re\/index.php\/2022\/09\/18\/concert-2022\/\",\"url\":\"https:\/\/www.villancico.re\/index.php\/2022\/09\/18\/concert-2022\/\",\"name\":\"ANNEE 2022 - Villancico Choeur \u00eele de la R\u00e9union - Ce site a \u00e9t\u00e9 financ\u00e9 \u00e0 l\u2019aide du FEDER (REACT-UE) dans le cadre de la r\u00e9ponse de l\u2019Union europ\u00e9enne \u00e0 la pand\u00e9mie COVID-19. L\u2019Europe s\u2019engage \u00e0 La R\u00e9union.\",\"isPartOf\":{\"@id\":\"https:\/\/www.villancico.re\/#website\"},\"primaryImageOfPage\":{\"@id\":\"https:\/\/www.villancico.re\/index.php\/2022\/09\/18\/concert-2022\/#primaryimage\"},\"image\":{\"@id\":\"https:\/\/www.villancico.re\/index.php\/2022\/09\/18\/concert-2022\/#primaryimage\"},\"thumbnailUrl\":\"https:\/\/www.villancico.re\/wp-content\/uploads\/2021\/10\/AFFICHE_2022_19091919_1754x2480-e1663877942204-724x1024.jpg\",\"datePublished\":\"2022-09-18T01:38:51+00:00\",\"dateModified\":\"2023-11-29T07:32:54+00:00\",\"breadcrumb\":{\"@id\":\"https:\/\/www.villancico.re\/index.php\/2022\/09\/18\/concert-2022\/#breadcrumb\"},\"inLanguage\":\"fr-FR\",\"potentialAction\":[{\"@type\":\"ReadAction\",\"target\":[\"https:\/\/www.villancico.re\/index.php\/2022\/09\/18\/concert-2022\/\"]}]},{\"@type\":\"ImageObject\",\"inLanguage\":\"fr-FR\",\"@id\":\"https:\/\/www.villancico.re\/index.php\/2022\/09\/18\/concert-2022\/#primaryimage\",\"url\":\"https:\/\/www.villancico.re\/wp-content\/uploads\/2021\/10\/AFFICHE_2022_19091919_1754x2480-e1663877942204.jpg\",\"contentUrl\":\"https:\/\/www.villancico.re\/wp-content\/uploads\/2021\/10\/AFFICHE_2022_19091919_1754x2480-e1663877942204.jpg\",\"width\":764,\"height\":1080},{\"@type\":\"BreadcrumbList\",\"@id\":\"https:\/\/www.villancico.re\/index.php\/2022\/09\/18\/concert-2022\/#breadcrumb\",\"itemListElement\":[{\"@type\":\"ListItem\",\"position\":1,\"name\":\"Accueil\",\"item\":\"https:\/\/www.villancico.re\/\"},{\"@type\":\"ListItem\",\"position\":2,\"name\":\"ANNEE 2022\"}]},{\"@type\":\"WebSite\",\"@id\":\"https:\/\/www.villancico.re\/#website\",\"url\":\"https:\/\/www.villancico.re\/\",\"name\":\"villancico.re chorale choeur ile de la r\u00e9union 974\",\"description\":\"Ensemble vocal  Villancico\",\"publisher\":{\"@id\":\"https:\/\/www.villancico.re\/#organization\"},\"potentialAction\":[{\"@type\":\"SearchAction\",\"target\":{\"@type\":\"EntryPoint\",\"urlTemplate\":\"https:\/\/www.villancico.re\/?s={search_term_string}\"},\"query-input\":{\"@type\":\"PropertyValueSpecification\",\"valueRequired\":true,\"valueName\":\"search_term_string\"}}],\"inLanguage\":\"fr-FR\"},{\"@type\":\"Organization\",\"@id\":\"https:\/\/www.villancico.re\/#organization\",\"name\":\"villancico.re chorale choeur ile de la r\u00e9union 974\",\"url\":\"https:\/\/www.villancico.re\/\",\"logo\":{\"@type\":\"ImageObject\",\"inLanguage\":\"fr-FR\",\"@id\":\"https:\/\/www.villancico.re\/#\/schema\/logo\/image\/\",\"url\":\"https:\/\/www.villancico.re\/wp-content\/uploads\/2022\/09\/modif-thierry-.png\",\"contentUrl\":\"https:\/\/www.villancico.re\/wp-content\/uploads\/2022\/09\/modif-thierry-.png\",\"width\":400,\"height\":110,\"caption\":\"villancico.re chorale choeur ile de la r\u00e9union 974\"},\"image\":{\"@id\":\"https:\/\/www.villancico.re\/#\/schema\/logo\/image\/\"},\"sameAs\":[\"https:\/\/facebook.com\"]},{\"@type\":\"Person\",\"@id\":\"https:\/\/www.villancico.re\/#\/schema\/person\/95fc236dcf80cbeca7de7db5c6032e1f\",\"name\":\"Villancico\",\"sameAs\":[\"http:\/\/gurevun.cluster031.hosting.ovh.net\"]}]}<\/script>\n<!-- \/ Yoast SEO plugin. -->","yoast_head_json":{"title":"ANNEE 2022 - Villancico Choeur \u00eele de la R\u00e9union - Ce site a \u00e9t\u00e9 financ\u00e9 \u00e0 l\u2019aide du FEDER (REACT-UE) dans le cadre de la r\u00e9ponse de l\u2019Union europ\u00e9enne \u00e0 la pand\u00e9mie COVID-19. L\u2019Europe s\u2019engage \u00e0 La R\u00e9union.","robots":{"index":"noindex","follow":"follow"},"og_locale":"fr_FR","og_type":"article","og_title":"ANNEE 2022 - Villancico Choeur \u00eele de la R\u00e9union - Ce site a \u00e9t\u00e9 financ\u00e9 \u00e0 l\u2019aide du FEDER (REACT-UE) dans le cadre de la r\u00e9ponse de l\u2019Union europ\u00e9enne \u00e0 la pand\u00e9mie COVID-19. L\u2019Europe s\u2019engage \u00e0 La R\u00e9union.","og_description":"Messe pour la Paix Cette ann\u00e9e, le choeur Villancico a choisi de proposer une oeuvre contemporaine de Karl Jenkins, compos\u00e9e en 1999&nbsp;:&nbsp;The Armed Man, Messe pour la Paix .&nbsp;C&rsquo;est une ode \u00e0 la Paix qui atteint l&rsquo;universalit\u00e9 au... Read More","og_url":"https:\/\/www.villancico.re\/index.php\/2022\/09\/18\/concert-2022\/","og_site_name":"Villancico Choeur \u00eele de la R\u00e9union - Ce site a \u00e9t\u00e9 financ\u00e9 \u00e0 l\u2019aide du FEDER (REACT-UE) dans le cadre de la r\u00e9ponse de l\u2019Union europ\u00e9enne \u00e0 la pand\u00e9mie COVID-19. L\u2019Europe s\u2019engage \u00e0 La R\u00e9union.","article_publisher":"https:\/\/facebook.com","article_published_time":"2022-09-18T01:38:51+00:00","article_modified_time":"2023-11-29T07:32:54+00:00","og_image":[{"url":"https:\/\/www.villancico.re\/wp-content\/uploads\/2021\/10\/AFFICHE_2022_19091919_1754x2480-e1663877942204-724x1024.jpg","type":"","width":"","height":""}],"author":"Villancico","twitter_card":"summary_large_image","twitter_misc":{"\u00c9crit par":"Villancico","Dur\u00e9e de lecture estim\u00e9e":"2 minutes"},"schema":{"@context":"https:\/\/schema.org","@graph":[{"@type":"Article","@id":"https:\/\/www.villancico.re\/index.php\/2022\/09\/18\/concert-2022\/#article","isPartOf":{"@id":"https:\/\/www.villancico.re\/index.php\/2022\/09\/18\/concert-2022\/"},"author":{"name":"Villancico","@id":"https:\/\/www.villancico.re\/#\/schema\/person\/95fc236dcf80cbeca7de7db5c6032e1f"},"headline":"ANNEE 2022","datePublished":"2022-09-18T01:38:51+00:00","dateModified":"2023-11-29T07:32:54+00:00","mainEntityOfPage":{"@id":"https:\/\/www.villancico.re\/index.php\/2022\/09\/18\/concert-2022\/"},"wordCount":187,"publisher":{"@id":"https:\/\/www.villancico.re\/#organization"},"image":{"@id":"https:\/\/www.villancico.re\/index.php\/2022\/09\/18\/concert-2022\/#primaryimage"},"thumbnailUrl":"https:\/\/www.villancico.re\/wp-content\/uploads\/2021\/10\/AFFICHE_2022_19091919_1754x2480-e1663877942204-724x1024.jpg","articleSection":["Productions"],"inLanguage":"fr-FR"},{"@type":"WebPage","@id":"https:\/\/www.villancico.re\/index.php\/2022\/09\/18\/concert-2022\/","url":"https:\/\/www.villancico.re\/index.php\/2022\/09\/18\/concert-2022\/","name":"ANNEE 2022 - Villancico Choeur \u00eele de la R\u00e9union - Ce site a \u00e9t\u00e9 financ\u00e9 \u00e0 l\u2019aide du FEDER (REACT-UE) dans le cadre de la r\u00e9ponse de l\u2019Union europ\u00e9enne \u00e0 la pand\u00e9mie COVID-19. L\u2019Europe s\u2019engage \u00e0 La R\u00e9union.","isPartOf":{"@id":"https:\/\/www.villancico.re\/#website"},"primaryImageOfPage":{"@id":"https:\/\/www.villancico.re\/index.php\/2022\/09\/18\/concert-2022\/#primaryimage"},"image":{"@id":"https:\/\/www.villancico.re\/index.php\/2022\/09\/18\/concert-2022\/#primaryimage"},"thumbnailUrl":"https:\/\/www.villancico.re\/wp-content\/uploads\/2021\/10\/AFFICHE_2022_19091919_1754x2480-e1663877942204-724x1024.jpg","datePublished":"2022-09-18T01:38:51+00:00","dateModified":"2023-11-29T07:32:54+00:00","breadcrumb":{"@id":"https:\/\/www.villancico.re\/index.php\/2022\/09\/18\/concert-2022\/#breadcrumb"},"inLanguage":"fr-FR","potentialAction":[{"@type":"ReadAction","target":["https:\/\/www.villancico.re\/index.php\/2022\/09\/18\/concert-2022\/"]}]},{"@type":"ImageObject","inLanguage":"fr-FR","@id":"https:\/\/www.villancico.re\/index.php\/2022\/09\/18\/concert-2022\/#primaryimage","url":"https:\/\/www.villancico.re\/wp-content\/uploads\/2021\/10\/AFFICHE_2022_19091919_1754x2480-e1663877942204.jpg","contentUrl":"https:\/\/www.villancico.re\/wp-content\/uploads\/2021\/10\/AFFICHE_2022_19091919_1754x2480-e1663877942204.jpg","width":764,"height":1080},{"@type":"BreadcrumbList","@id":"https:\/\/www.villancico.re\/index.php\/2022\/09\/18\/concert-2022\/#breadcrumb","itemListElement":[{"@type":"ListItem","position":1,"name":"Accueil","item":"https:\/\/www.villancico.re\/"},{"@type":"ListItem","position":2,"name":"ANNEE 2022"}]},{"@type":"WebSite","@id":"https:\/\/www.villancico.re\/#website","url":"https:\/\/www.villancico.re\/","name":"villancico.re chorale choeur ile de la r\u00e9union 974","description":"Ensemble vocal  Villancico","publisher":{"@id":"https:\/\/www.villancico.re\/#organization"},"potentialAction":[{"@type":"SearchAction","target":{"@type":"EntryPoint","urlTemplate":"https:\/\/www.villancico.re\/?s={search_term_string}"},"query-input":{"@type":"PropertyValueSpecification","valueRequired":true,"valueName":"search_term_string"}}],"inLanguage":"fr-FR"},{"@type":"Organization","@id":"https:\/\/www.villancico.re\/#organization","name":"villancico.re chorale choeur ile de la r\u00e9union 974","url":"https:\/\/www.villancico.re\/","logo":{"@type":"ImageObject","inLanguage":"fr-FR","@id":"https:\/\/www.villancico.re\/#\/schema\/logo\/image\/","url":"https:\/\/www.villancico.re\/wp-content\/uploads\/2022\/09\/modif-thierry-.png","contentUrl":"https:\/\/www.villancico.re\/wp-content\/uploads\/2022\/09\/modif-thierry-.png","width":400,"height":110,"caption":"villancico.re chorale choeur ile de la r\u00e9union 974"},"image":{"@id":"https:\/\/www.villancico.re\/#\/schema\/logo\/image\/"},"sameAs":["https:\/\/facebook.com"]},{"@type":"Person","@id":"https:\/\/www.villancico.re\/#\/schema\/person\/95fc236dcf80cbeca7de7db5c6032e1f","name":"Villancico","sameAs":["http:\/\/gurevun.cluster031.hosting.ovh.net"]}]}},"_links":{"self":[{"href":"https:\/\/www.villancico.re\/index.php\/wp-json\/wp\/v2\/posts\/72","targetHints":{"allow":["GET"]}}],"collection":[{"href":"https:\/\/www.villancico.re\/index.php\/wp-json\/wp\/v2\/posts"}],"about":[{"href":"https:\/\/www.villancico.re\/index.php\/wp-json\/wp\/v2\/types\/post"}],"author":[{"embeddable":true,"href":"https:\/\/www.villancico.re\/index.php\/wp-json\/wp\/v2\/users\/1"}],"replies":[{"embeddable":true,"href":"https:\/\/www.villancico.re\/index.php\/wp-json\/wp\/v2\/comments?post=72"}],"version-history":[{"count":7,"href":"https:\/\/www.villancico.re\/index.php\/wp-json\/wp\/v2\/posts\/72\/revisions"}],"predecessor-version":[{"id":838,"href":"https:\/\/www.villancico.re\/index.php\/wp-json\/wp\/v2\/posts\/72\/revisions\/838"}],"wp:attachment":[{"href":"https:\/\/www.villancico.re\/index.php\/wp-json\/wp\/v2\/media?parent=72"}],"wp:term":[{"taxonomy":"category","embeddable":true,"href":"https:\/\/www.villancico.re\/index.php\/wp-json\/wp\/v2\/categories?post=72"},{"taxonomy":"post_tag","embeddable":true,"href":"https:\/\/www.villancico.re\/index.php\/wp-json\/wp\/v2\/tags?post=72"}],"curies":[{"name":"wp","href":"https:\/\/api.w.org\/{rel}","templated":true}]}}