{"id":813,"date":"2023-11-15T09:51:40","date_gmt":"2023-11-15T05:51:40","guid":{"rendered":"https:\/\/www.villancico.re\/?p=813"},"modified":"2023-11-22T10:58:03","modified_gmt":"2023-11-22T06:58:03","slug":"annee-2023","status":"publish","type":"post","link":"https:\/\/www.villancico.re\/index.php\/2023\/11\/15\/annee-2023\/","title":{"rendered":"ANNEE 2023"},"content":{"rendered":"\n<div class=\"wp-block-columns is-layout-flex wp-container-core-columns-is-layout-9d6595d7 wp-block-columns-is-layout-flex\">\n<div class=\"wp-block-column is-layout-flow wp-block-column-is-layout-flow\">\n<figure class=\"wp-block-image size-full\"><img fetchpriority=\"high\" decoding=\"async\" width=\"424\" height=\"600\" src=\"https:\/\/www.villancico.re\/wp-content\/uploads\/2023\/09\/Affiche-shcubert-424x600-1.png\" alt=\"\" class=\"wp-image-688\" srcset=\"https:\/\/www.villancico.re\/wp-content\/uploads\/2023\/09\/Affiche-shcubert-424x600-1.png 424w, https:\/\/www.villancico.re\/wp-content\/uploads\/2023\/09\/Affiche-shcubert-424x600-1-212x300.png 212w\" sizes=\"(max-width: 424px) 100vw, 424px\" \/><\/figure>\n<\/div>\n\n\n\n<div class=\"wp-block-column is-layout-flow wp-block-column-is-layout-flow\">\n<p>    <\/p>\n\n\n\n<p>      Pour prolonger ces concerts &lsquo;Autour de SCHUBERT&rsquo;, quelques extraits et photos.<\/p>\n<\/div>\n<\/div>\n\n\n\n<div class=\"wp-block-columns is-layout-flex wp-container-core-columns-is-layout-9d6595d7 wp-block-columns-is-layout-flex\">\n<div class=\"wp-block-column is-layout-flow wp-block-column-is-layout-flow\"><\/div>\n<\/div>\n\n\n\n<figure class=\"wp-block-image size-large\"><img decoding=\"async\" width=\"1024\" height=\"576\" src=\"https:\/\/www.villancico.re\/wp-content\/uploads\/2023\/11\/IMG_7036-002-1-1024x576.jpg\" alt=\"\" class=\"wp-image-808\"\/><figcaption class=\"wp-element-caption\">Concert \u00e0 St-Gilles le 28 octobre 2023\n<\/figcaption><\/figure>\n\n\n\n<hr class=\"wp-block-separator has-alpha-channel-opacity\"\/>\n\n\n\n<figure class=\"wp-block-image size-large\"><img decoding=\"async\" width=\"1024\" height=\"683\" src=\"https:\/\/www.villancico.re\/wp-content\/uploads\/2023\/11\/IMG_6817-001-flou-1024x683.jpg\" alt=\"\" class=\"wp-image-831\" srcset=\"https:\/\/www.villancico.re\/wp-content\/uploads\/2023\/11\/IMG_6817-001-flou-1024x683.jpg 1024w, https:\/\/www.villancico.re\/wp-content\/uploads\/2023\/11\/IMG_6817-001-flou-300x200.jpg 300w, https:\/\/www.villancico.re\/wp-content\/uploads\/2023\/11\/IMG_6817-001-flou-768x513.jpg 768w, https:\/\/www.villancico.re\/wp-content\/uploads\/2023\/11\/IMG_6817-001-flou-1536x1025.jpg 1536w, https:\/\/www.villancico.re\/wp-content\/uploads\/2023\/11\/IMG_6817-001-flou-2048x1367.jpg 2048w, https:\/\/www.villancico.re\/wp-content\/uploads\/2023\/11\/IMG_6817-001-flou-640x427.jpg 640w\" sizes=\"(max-width: 1024px) 100vw, 1024px\" \/><figcaption class=\"wp-element-caption\">A St-Gilles, les 3 solistes<\/figcaption><\/figure>\n\n\n\n<hr class=\"wp-block-separator has-alpha-channel-opacity\"\/>\n\n\n\n<figure class=\"wp-block-image size-large\"><img loading=\"lazy\" decoding=\"async\" width=\"1024\" height=\"532\" src=\"https:\/\/www.villancico.re\/wp-content\/uploads\/2023\/11\/IMG_6766-004-recadre-1024x532.jpg\" alt=\"\" class=\"wp-image-832\" srcset=\"https:\/\/www.villancico.re\/wp-content\/uploads\/2023\/11\/IMG_6766-004-recadre-1024x532.jpg 1024w, https:\/\/www.villancico.re\/wp-content\/uploads\/2023\/11\/IMG_6766-004-recadre-300x156.jpg 300w, https:\/\/www.villancico.re\/wp-content\/uploads\/2023\/11\/IMG_6766-004-recadre-768x399.jpg 768w, https:\/\/www.villancico.re\/wp-content\/uploads\/2023\/11\/IMG_6766-004-recadre-1536x798.jpg 1536w, https:\/\/www.villancico.re\/wp-content\/uploads\/2023\/11\/IMG_6766-004-recadre-2048x1064.jpg 2048w, https:\/\/www.villancico.re\/wp-content\/uploads\/2023\/11\/IMG_6766-004-recadre-640x332.jpg 640w\" sizes=\"(max-width: 1024px) 100vw, 1024px\" \/><figcaption class=\"wp-element-caption\">Musiciens \u00e0 St-Gilles<\/figcaption><\/figure>\n","protected":false},"excerpt":{"rendered":"<p>Pour prolonger ces concerts &lsquo;Autour de SCHUBERT&rsquo;, quelques extraits et photos.<\/p>\n","protected":false},"author":5,"featured_media":0,"comment_status":"closed","ping_status":"closed","sticky":false,"template":"","format":"standard","meta":{"footnotes":""},"categories":[7],"tags":[],"class_list":["post-813","post","type-post","status-publish","format-standard","hentry","category-productions"],"yoast_head":"<!-- This site is optimized with the Yoast SEO plugin v26.0 - https:\/\/yoast.com\/wordpress\/plugins\/seo\/ -->\n<title>ANNEE 2023 - Villancico Choeur \u00eele de la R\u00e9union - Ce site a \u00e9t\u00e9 financ\u00e9 \u00e0 l\u2019aide du FEDER (REACT-UE) dans le cadre de la r\u00e9ponse de l\u2019Union europ\u00e9enne \u00e0 la pand\u00e9mie COVID-19. L\u2019Europe s\u2019engage \u00e0 La R\u00e9union.<\/title>\n<meta name=\"robots\" content=\"noindex, follow\" \/>\n<meta property=\"og:locale\" content=\"fr_FR\" \/>\n<meta property=\"og:type\" content=\"article\" \/>\n<meta property=\"og:title\" content=\"ANNEE 2023 - Villancico Choeur \u00eele de la R\u00e9union - Ce site a \u00e9t\u00e9 financ\u00e9 \u00e0 l\u2019aide du FEDER (REACT-UE) dans le cadre de la r\u00e9ponse de l\u2019Union europ\u00e9enne \u00e0 la pand\u00e9mie COVID-19. L\u2019Europe s\u2019engage \u00e0 La R\u00e9union.\" \/>\n<meta property=\"og:description\" content=\"Pour prolonger ces concerts &lsquo;Autour de SCHUBERT&rsquo;, quelques extraits et photos.\" \/>\n<meta property=\"og:url\" content=\"https:\/\/www.villancico.re\/index.php\/2023\/11\/15\/annee-2023\/\" \/>\n<meta property=\"og:site_name\" content=\"Villancico Choeur \u00eele de la R\u00e9union - Ce site a \u00e9t\u00e9 financ\u00e9 \u00e0 l\u2019aide du FEDER (REACT-UE) dans le cadre de la r\u00e9ponse de l\u2019Union europ\u00e9enne \u00e0 la pand\u00e9mie COVID-19. L\u2019Europe s\u2019engage \u00e0 La R\u00e9union.\" \/>\n<meta property=\"article:publisher\" content=\"https:\/\/facebook.com\" \/>\n<meta property=\"article:published_time\" content=\"2023-11-15T05:51:40+00:00\" \/>\n<meta property=\"article:modified_time\" content=\"2023-11-22T06:58:03+00:00\" \/>\n<meta property=\"og:image\" content=\"https:\/\/www.villancico.re\/wp-content\/uploads\/2023\/09\/Affiche-shcubert-424x600-1.png\" \/>\n<meta name=\"author\" content=\"Bernard\" \/>\n<meta name=\"twitter:card\" content=\"summary_large_image\" \/>\n<meta name=\"twitter:label1\" content=\"\u00c9crit par\" \/>\n\t<meta name=\"twitter:data1\" content=\"Bernard\" \/>\n\t<meta name=\"twitter:label2\" content=\"Dur\u00e9e de lecture estim\u00e9e\" \/>\n\t<meta name=\"twitter:data2\" content=\"1 minute\" \/>\n<script type=\"application\/ld+json\" class=\"yoast-schema-graph\">{\"@context\":\"https:\/\/schema.org\",\"@graph\":[{\"@type\":\"Article\",\"@id\":\"https:\/\/www.villancico.re\/index.php\/2023\/11\/15\/annee-2023\/#article\",\"isPartOf\":{\"@id\":\"https:\/\/www.villancico.re\/index.php\/2023\/11\/15\/annee-2023\/\"},\"author\":{\"name\":\"Bernard\",\"@id\":\"https:\/\/www.villancico.re\/#\/schema\/person\/8432e22dbeb10a5aea671a002c13da6a\"},\"headline\":\"ANNEE 2023\",\"datePublished\":\"2023-11-15T05:51:40+00:00\",\"dateModified\":\"2023-11-22T06:58:03+00:00\",\"mainEntityOfPage\":{\"@id\":\"https:\/\/www.villancico.re\/index.php\/2023\/11\/15\/annee-2023\/\"},\"wordCount\":22,\"publisher\":{\"@id\":\"https:\/\/www.villancico.re\/#organization\"},\"image\":{\"@id\":\"https:\/\/www.villancico.re\/index.php\/2023\/11\/15\/annee-2023\/#primaryimage\"},\"thumbnailUrl\":\"https:\/\/www.villancico.re\/wp-content\/uploads\/2023\/09\/Affiche-shcubert-424x600-1.png\",\"articleSection\":[\"Productions\"],\"inLanguage\":\"fr-FR\"},{\"@type\":\"WebPage\",\"@id\":\"https:\/\/www.villancico.re\/index.php\/2023\/11\/15\/annee-2023\/\",\"url\":\"https:\/\/www.villancico.re\/index.php\/2023\/11\/15\/annee-2023\/\",\"name\":\"ANNEE 2023 - Villancico Choeur \u00eele de la R\u00e9union - Ce site a \u00e9t\u00e9 financ\u00e9 \u00e0 l\u2019aide du FEDER (REACT-UE) dans le cadre de la r\u00e9ponse de l\u2019Union europ\u00e9enne \u00e0 la pand\u00e9mie COVID-19. L\u2019Europe s\u2019engage \u00e0 La R\u00e9union.\",\"isPartOf\":{\"@id\":\"https:\/\/www.villancico.re\/#website\"},\"primaryImageOfPage\":{\"@id\":\"https:\/\/www.villancico.re\/index.php\/2023\/11\/15\/annee-2023\/#primaryimage\"},\"image\":{\"@id\":\"https:\/\/www.villancico.re\/index.php\/2023\/11\/15\/annee-2023\/#primaryimage\"},\"thumbnailUrl\":\"https:\/\/www.villancico.re\/wp-content\/uploads\/2023\/09\/Affiche-shcubert-424x600-1.png\",\"datePublished\":\"2023-11-15T05:51:40+00:00\",\"dateModified\":\"2023-11-22T06:58:03+00:00\",\"breadcrumb\":{\"@id\":\"https:\/\/www.villancico.re\/index.php\/2023\/11\/15\/annee-2023\/#breadcrumb\"},\"inLanguage\":\"fr-FR\",\"potentialAction\":[{\"@type\":\"ReadAction\",\"target\":[\"https:\/\/www.villancico.re\/index.php\/2023\/11\/15\/annee-2023\/\"]}]},{\"@type\":\"ImageObject\",\"inLanguage\":\"fr-FR\",\"@id\":\"https:\/\/www.villancico.re\/index.php\/2023\/11\/15\/annee-2023\/#primaryimage\",\"url\":\"https:\/\/www.villancico.re\/wp-content\/uploads\/2023\/09\/Affiche-shcubert-424x600-1.png\",\"contentUrl\":\"https:\/\/www.villancico.re\/wp-content\/uploads\/2023\/09\/Affiche-shcubert-424x600-1.png\",\"width\":424,\"height\":600},{\"@type\":\"BreadcrumbList\",\"@id\":\"https:\/\/www.villancico.re\/index.php\/2023\/11\/15\/annee-2023\/#breadcrumb\",\"itemListElement\":[{\"@type\":\"ListItem\",\"position\":1,\"name\":\"Accueil\",\"item\":\"https:\/\/www.villancico.re\/\"},{\"@type\":\"ListItem\",\"position\":2,\"name\":\"ANNEE 2023\"}]},{\"@type\":\"WebSite\",\"@id\":\"https:\/\/www.villancico.re\/#website\",\"url\":\"https:\/\/www.villancico.re\/\",\"name\":\"villancico.re chorale choeur ile de la r\u00e9union 974\",\"description\":\"Ensemble vocal  Villancico\",\"publisher\":{\"@id\":\"https:\/\/www.villancico.re\/#organization\"},\"potentialAction\":[{\"@type\":\"SearchAction\",\"target\":{\"@type\":\"EntryPoint\",\"urlTemplate\":\"https:\/\/www.villancico.re\/?s={search_term_string}\"},\"query-input\":{\"@type\":\"PropertyValueSpecification\",\"valueRequired\":true,\"valueName\":\"search_term_string\"}}],\"inLanguage\":\"fr-FR\"},{\"@type\":\"Organization\",\"@id\":\"https:\/\/www.villancico.re\/#organization\",\"name\":\"villancico.re chorale choeur ile de la r\u00e9union 974\",\"url\":\"https:\/\/www.villancico.re\/\",\"logo\":{\"@type\":\"ImageObject\",\"inLanguage\":\"fr-FR\",\"@id\":\"https:\/\/www.villancico.re\/#\/schema\/logo\/image\/\",\"url\":\"https:\/\/www.villancico.re\/wp-content\/uploads\/2022\/09\/modif-thierry-.png\",\"contentUrl\":\"https:\/\/www.villancico.re\/wp-content\/uploads\/2022\/09\/modif-thierry-.png\",\"width\":400,\"height\":110,\"caption\":\"villancico.re chorale choeur ile de la r\u00e9union 974\"},\"image\":{\"@id\":\"https:\/\/www.villancico.re\/#\/schema\/logo\/image\/\"},\"sameAs\":[\"https:\/\/facebook.com\"]},{\"@type\":\"Person\",\"@id\":\"https:\/\/www.villancico.re\/#\/schema\/person\/8432e22dbeb10a5aea671a002c13da6a\",\"name\":\"Bernard\",\"sameAs\":[\"http:\/\/villancico.re\"]}]}<\/script>\n<!-- \/ Yoast SEO plugin. -->","yoast_head_json":{"title":"ANNEE 2023 - Villancico Choeur \u00eele de la R\u00e9union - Ce site a \u00e9t\u00e9 financ\u00e9 \u00e0 l\u2019aide du FEDER (REACT-UE) dans le cadre de la r\u00e9ponse de l\u2019Union europ\u00e9enne \u00e0 la pand\u00e9mie COVID-19. L\u2019Europe s\u2019engage \u00e0 La R\u00e9union.","robots":{"index":"noindex","follow":"follow"},"og_locale":"fr_FR","og_type":"article","og_title":"ANNEE 2023 - Villancico Choeur \u00eele de la R\u00e9union - Ce site a \u00e9t\u00e9 financ\u00e9 \u00e0 l\u2019aide du FEDER (REACT-UE) dans le cadre de la r\u00e9ponse de l\u2019Union europ\u00e9enne \u00e0 la pand\u00e9mie COVID-19. L\u2019Europe s\u2019engage \u00e0 La R\u00e9union.","og_description":"Pour prolonger ces concerts &lsquo;Autour de SCHUBERT&rsquo;, quelques extraits et photos.","og_url":"https:\/\/www.villancico.re\/index.php\/2023\/11\/15\/annee-2023\/","og_site_name":"Villancico Choeur \u00eele de la R\u00e9union - Ce site a \u00e9t\u00e9 financ\u00e9 \u00e0 l\u2019aide du FEDER (REACT-UE) dans le cadre de la r\u00e9ponse de l\u2019Union europ\u00e9enne \u00e0 la pand\u00e9mie COVID-19. L\u2019Europe s\u2019engage \u00e0 La R\u00e9union.","article_publisher":"https:\/\/facebook.com","article_published_time":"2023-11-15T05:51:40+00:00","article_modified_time":"2023-11-22T06:58:03+00:00","og_image":[{"url":"https:\/\/www.villancico.re\/wp-content\/uploads\/2023\/09\/Affiche-shcubert-424x600-1.png","type":"","width":"","height":""}],"author":"Bernard","twitter_card":"summary_large_image","twitter_misc":{"\u00c9crit par":"Bernard","Dur\u00e9e de lecture estim\u00e9e":"1 minute"},"schema":{"@context":"https:\/\/schema.org","@graph":[{"@type":"Article","@id":"https:\/\/www.villancico.re\/index.php\/2023\/11\/15\/annee-2023\/#article","isPartOf":{"@id":"https:\/\/www.villancico.re\/index.php\/2023\/11\/15\/annee-2023\/"},"author":{"name":"Bernard","@id":"https:\/\/www.villancico.re\/#\/schema\/person\/8432e22dbeb10a5aea671a002c13da6a"},"headline":"ANNEE 2023","datePublished":"2023-11-15T05:51:40+00:00","dateModified":"2023-11-22T06:58:03+00:00","mainEntityOfPage":{"@id":"https:\/\/www.villancico.re\/index.php\/2023\/11\/15\/annee-2023\/"},"wordCount":22,"publisher":{"@id":"https:\/\/www.villancico.re\/#organization"},"image":{"@id":"https:\/\/www.villancico.re\/index.php\/2023\/11\/15\/annee-2023\/#primaryimage"},"thumbnailUrl":"https:\/\/www.villancico.re\/wp-content\/uploads\/2023\/09\/Affiche-shcubert-424x600-1.png","articleSection":["Productions"],"inLanguage":"fr-FR"},{"@type":"WebPage","@id":"https:\/\/www.villancico.re\/index.php\/2023\/11\/15\/annee-2023\/","url":"https:\/\/www.villancico.re\/index.php\/2023\/11\/15\/annee-2023\/","name":"ANNEE 2023 - Villancico Choeur \u00eele de la R\u00e9union - Ce site a \u00e9t\u00e9 financ\u00e9 \u00e0 l\u2019aide du FEDER (REACT-UE) dans le cadre de la r\u00e9ponse de l\u2019Union europ\u00e9enne \u00e0 la pand\u00e9mie COVID-19. L\u2019Europe s\u2019engage \u00e0 La R\u00e9union.","isPartOf":{"@id":"https:\/\/www.villancico.re\/#website"},"primaryImageOfPage":{"@id":"https:\/\/www.villancico.re\/index.php\/2023\/11\/15\/annee-2023\/#primaryimage"},"image":{"@id":"https:\/\/www.villancico.re\/index.php\/2023\/11\/15\/annee-2023\/#primaryimage"},"thumbnailUrl":"https:\/\/www.villancico.re\/wp-content\/uploads\/2023\/09\/Affiche-shcubert-424x600-1.png","datePublished":"2023-11-15T05:51:40+00:00","dateModified":"2023-11-22T06:58:03+00:00","breadcrumb":{"@id":"https:\/\/www.villancico.re\/index.php\/2023\/11\/15\/annee-2023\/#breadcrumb"},"inLanguage":"fr-FR","potentialAction":[{"@type":"ReadAction","target":["https:\/\/www.villancico.re\/index.php\/2023\/11\/15\/annee-2023\/"]}]},{"@type":"ImageObject","inLanguage":"fr-FR","@id":"https:\/\/www.villancico.re\/index.php\/2023\/11\/15\/annee-2023\/#primaryimage","url":"https:\/\/www.villancico.re\/wp-content\/uploads\/2023\/09\/Affiche-shcubert-424x600-1.png","contentUrl":"https:\/\/www.villancico.re\/wp-content\/uploads\/2023\/09\/Affiche-shcubert-424x600-1.png","width":424,"height":600},{"@type":"BreadcrumbList","@id":"https:\/\/www.villancico.re\/index.php\/2023\/11\/15\/annee-2023\/#breadcrumb","itemListElement":[{"@type":"ListItem","position":1,"name":"Accueil","item":"https:\/\/www.villancico.re\/"},{"@type":"ListItem","position":2,"name":"ANNEE 2023"}]},{"@type":"WebSite","@id":"https:\/\/www.villancico.re\/#website","url":"https:\/\/www.villancico.re\/","name":"villancico.re chorale choeur ile de la r\u00e9union 974","description":"Ensemble vocal  Villancico","publisher":{"@id":"https:\/\/www.villancico.re\/#organization"},"potentialAction":[{"@type":"SearchAction","target":{"@type":"EntryPoint","urlTemplate":"https:\/\/www.villancico.re\/?s={search_term_string}"},"query-input":{"@type":"PropertyValueSpecification","valueRequired":true,"valueName":"search_term_string"}}],"inLanguage":"fr-FR"},{"@type":"Organization","@id":"https:\/\/www.villancico.re\/#organization","name":"villancico.re chorale choeur ile de la r\u00e9union 974","url":"https:\/\/www.villancico.re\/","logo":{"@type":"ImageObject","inLanguage":"fr-FR","@id":"https:\/\/www.villancico.re\/#\/schema\/logo\/image\/","url":"https:\/\/www.villancico.re\/wp-content\/uploads\/2022\/09\/modif-thierry-.png","contentUrl":"https:\/\/www.villancico.re\/wp-content\/uploads\/2022\/09\/modif-thierry-.png","width":400,"height":110,"caption":"villancico.re chorale choeur ile de la r\u00e9union 974"},"image":{"@id":"https:\/\/www.villancico.re\/#\/schema\/logo\/image\/"},"sameAs":["https:\/\/facebook.com"]},{"@type":"Person","@id":"https:\/\/www.villancico.re\/#\/schema\/person\/8432e22dbeb10a5aea671a002c13da6a","name":"Bernard","sameAs":["http:\/\/villancico.re"]}]}},"_links":{"self":[{"href":"https:\/\/www.villancico.re\/index.php\/wp-json\/wp\/v2\/posts\/813","targetHints":{"allow":["GET"]}}],"collection":[{"href":"https:\/\/www.villancico.re\/index.php\/wp-json\/wp\/v2\/posts"}],"about":[{"href":"https:\/\/www.villancico.re\/index.php\/wp-json\/wp\/v2\/types\/post"}],"author":[{"embeddable":true,"href":"https:\/\/www.villancico.re\/index.php\/wp-json\/wp\/v2\/users\/5"}],"replies":[{"embeddable":true,"href":"https:\/\/www.villancico.re\/index.php\/wp-json\/wp\/v2\/comments?post=813"}],"version-history":[{"count":4,"href":"https:\/\/www.villancico.re\/index.php\/wp-json\/wp\/v2\/posts\/813\/revisions"}],"predecessor-version":[{"id":833,"href":"https:\/\/www.villancico.re\/index.php\/wp-json\/wp\/v2\/posts\/813\/revisions\/833"}],"wp:attachment":[{"href":"https:\/\/www.villancico.re\/index.php\/wp-json\/wp\/v2\/media?parent=813"}],"wp:term":[{"taxonomy":"category","embeddable":true,"href":"https:\/\/www.villancico.re\/index.php\/wp-json\/wp\/v2\/categories?post=813"},{"taxonomy":"post_tag","embeddable":true,"href":"https:\/\/www.villancico.re\/index.php\/wp-json\/wp\/v2\/tags?post=813"}],"curies":[{"name":"wp","href":"https:\/\/api.w.org\/{rel}","templated":true}]}}